{"id":3077,"date":"2025-03-31T11:00:32","date_gmt":"2025-03-31T09:00:32","guid":{"rendered":"https:\/\/mdra.nl\/?p=3077"},"modified":"2025-03-31T15:04:06","modified_gmt":"2025-03-31T13:04:06","slug":"tweede-vn-decennium-kansen-voor-inclusief-beleid-en-duurzame-samenwerking-met-afro-gemeenschappen","status":"publish","type":"post","link":"https:\/\/mdra.nl\/en\/tweede-vn-decennium-kansen-voor-inclusief-beleid-en-duurzame-samenwerking-met-afro-gemeenschappen\/","title":{"rendered":"Tweede VN-Decennium: Kansen voor inclusief beleid en duurzame samenwerking met Afro-gemeenschappen"},"content":{"rendered":"<div style=\"height:48px\" aria-hidden=\"true\" class=\"wp-block-spacer\"><\/div>\n\n\n\n<h2 class=\"wp-block-heading\">Oproep aan politiek: van excuses naar structureel herstelbeleid met Afro-professionals aan tafel<\/h2>\n\n\n\n<div style=\"height:48px\" aria-hidden=\"true\" class=\"wp-block-spacer\"><\/div>\n\n\n\n<p class=\"wp-block-paragraph\"><strong>Utrecht, 28 maart 2025<\/strong>&nbsp;\u2013 Tijdens het symposium \u2018De Overheid aan zet\u2019 in Utrecht riepen vertegenwoordigers van de afro-gemeenschappen, antidiscriminatie-organisaties en de Verenigde Naties de Nederlandse overheid op om haar verantwoordelijkheid te nemen in het kader van het Tweede Internationaal VN-Decennium voor mensen van Afrikaanse afkomst (2025\u20132034). Deze mondiale VN-agenda werd op 17 december 2024 afgekondigd als verlengstuk van het eerste Decennium (2015\u20132024), dat ondanks goede intenties wereldwijd te weinig concrete resultaten heeft opgeleverd.<\/p>\n\n\n\n<p class=\"wp-block-paragraph\">De boodschap vanuit het symposium was eenduidig: Nederland moet n\u00fa aanhaken \u2013 met daden, niet alleen woorden.<\/p>\n\n\n\n<figure class=\"wp-block-image\"><img decoding=\"async\" src=\"https:\/\/art1middennederland.nl\/wp-content\/uploads\/sites\/3\/2025\/03\/DSCF7681-1920x1440.jpg\" alt=\"\" class=\"wp-image-3809\"\/><\/figure>\n\n\n\n<div style=\"height:48px\" aria-hidden=\"true\" class=\"wp-block-spacer\"><\/div>\n\n\n\n<h2 class=\"wp-block-heading\">Wat is het VN-Decennium voor mensen van Afrikaanse afkomst?<\/h2>\n\n\n\n<p class=\"wp-block-paragraph\">In 2013 riepen de Verenigde Naties de periode 2015\u20132024 uit tot het Internationaal Decennium voor mensen van Afrikaanse afkomst, met drie centrale doelen: erkenning, rechtvaardigheid en ontwikkeling. Lidstaten, waaronder Nederland, committeerden zich aan de uitvoering van het bijbehorende Programma van Activiteiten, gericht op het aanpakken van structureel racisme, herstel van onrecht voortvloeiend uit het slavernijverleden, en versterking van de positie van mensen van Afrikaanse afkomst.<\/p>\n\n\n\n<p class=\"wp-block-paragraph\">Toch bleef in Nederland substanti\u00eble inzet vanuit het Rijk uit: er kwam g\u00e9\u00e9n Nationaal Actieplan (NAP), geen structurele financiering, en slechts beperkt institutioneel beleid. Dit terwijl Afro-Nederlandse organisaties w\u00e9l actief hebben bijgedragen aan VN-rapportages, het opstellen van een12-puntenplan en het organiseren van bijeenkomsten en kennisdeling evenals een NGO NAP initiatiefvoorstel.<br>De VN heeft het Decennium daarom verlengd tot eind 2034, en roept lidstaten expliciet op tot structurele implementatie, met herstelmaatregelen, data-gedreven beleid en samenwerking met de gemeenschap.<\/p>\n\n\n\n<blockquote class=\"wp-block-quote is-layout-flow wp-block-quote-is-layout-flow\">\n<p class=\"wp-block-paragraph\">\u201c<em>Het eerste Decennium was grotendeels symbolisch. Deze tweede Decade moet het Reparations Decennium\u2019 worden<\/em>.&nbsp;<em>Herstel is geen abstractie. Het vraagt om investeringen in onderwijs, arbeidsmarkt en representatie. Om concreet beleid op lokaal \u00e9n nationaal niveau. Om herstel van vertrouwen en waardigheid<\/em>.\u201d<\/p>\n\n\n\n<p class=\"wp-block-paragraph\">dr. Barryl Biekman, co\u00f6rdinator van het VN-Decennium in Nederland.<\/p>\n<\/blockquote>\n\n\n\n<h2 class=\"wp-block-heading\">Tien Jaar Beleidsstilte \u2013 Tijd voor Daden<\/h2>\n\n\n\n<p class=\"wp-block-paragraph\">Hoewel Nederland in 2022 offici\u00eble excuses aanbood voor het slavernijverleden, ontbreekt tot op heden een Nationaal Actieplan (NAP) dat invulling geeft aan erkenning, herstel en structurele verbetering. Daarmee overtreedt Nederland niet alleen zijn morele verantwoordelijkheid, maar wijkt het ook af van de VN-verplichting om nationaal uitvoering te geven aan het Activiteitenprogramma van het Decennium. De VN stelt dat alleen met duidelijke plannen, politieke wil en structurele middelen, blijvende impact kan worden gerealiseerd.<\/p>\n\n\n\n<figure class=\"wp-block-image\"><img decoding=\"async\" src=\"https:\/\/art1middennederland.nl\/wp-content\/uploads\/sites\/3\/2025\/03\/DSCF7794-1920x1440.jpg\" alt=\"Symposium Overheid Aan Zet - 2nd VN Decenium Mensen van Afrikaanse Afkomst\" class=\"wp-image-3810\"\/><\/figure>\n\n\n\n<blockquote class=\"wp-block-quote is-layout-flow wp-block-quote-is-layout-flow\">\n<p class=\"wp-block-paragraph\">\u201c<em>De erkenning is uitgesproken, maar de actie blijft uit<\/em>.&nbsp;<em>Nederland heeft de kans om leiderschap te tonen. De aanwezigen hier vormen een krachtige coalitie \u2013 die verdient gehoord \u00e9n ondersteund te worde<\/em>n.\u201d<\/p>\n\n\n\n<p class=\"wp-block-paragraph\">dr. Mila Paspalanova, VN-Mensenrechtenbureau (OHCHR)<\/p>\n<\/blockquote>\n\n\n\n<p class=\"wp-block-paragraph\">Een Nationaal Actieplan dat recht wil doen aan erkenning en herstel, vereist niet alleen plannen op papier, maar ook een fundamentele verschuiving in wie meebepaalt. Daarom roepen Afro-Nederlandse gemeenschappen op tot actieve participatie van Afro-professionals bij de ontwikkeling, implementatie en monitoring van beleid. Hun expertise en lived experience zijn essentieel om te voorkomen dat beleid blijft steken in abstracties of goed bedoelde symboliek. Structurele betrokkenheid van Afro-professionals \u2013 binnen ministeries, adviesraden, toezichtsorganen en uitvoeringsinstanties \u2013 is onmisbaar om systemisch onrecht om te zetten in duurzame oplossingen. Alleen dan kunnen woorden als \u2018erkenning\u2019 en \u2018herstel\u2019 daadwerkelijk wortelschieten in de praktijk van bestuur en rechtvaardigheid.<\/p>\n\n\n\n<p class=\"wp-block-paragraph\">Tegelijkertijd is het van belang dat beleidsmakers en overheidsorganisaties z\u00e9lf investeren in bewustwording. In de evaluatie van het eerste VN-Decennium is benadrukt dat ambtenaren en bestuurders bereid moeten zijn tot educatie over koloniale erfenissen, institutioneel racisme en afrofobie. Alleen door een lerende overheid te zijn, kan er sprake zijn van een gelijkwaardige samenwerking met de gemeenschap \u00e9n van beleid dat werkelijk inclusief is.<\/p>\n\n\n\n<h2 class=\"wp-block-heading\">Cijfers zijn duidelijk: afrofobie groeit<\/h2>\n\n\n\n<p class=\"wp-block-paragraph\">De noodzaak voor beleid is urgent. Tijdens het symposium presenteerden drie antidiscriminatievoorzieningen zorgwekkende cijfers over 2024:<\/p>\n\n\n\n<ul class=\"wp-block-list\">\n<li>In de provincie Utrecht steeg het aantal meldingen op grond van ras met 70%.<\/li>\n\n\n\n<li>In de regio Amsterdam verdrievoudigde het aantal meldingen naar 1.016, waarvan 195 expliciet betrekking hadden op anti-zwart racisme.<\/li>\n\n\n\n<li>In Haaglanden en Hollands Midden is het vertrouwen om \u00fcberhaupt te melden laag; velen denken dat het geen zin heeft.<\/li>\n<\/ul>\n\n\n\n<figure class=\"wp-block-image size-large\"><img fetchpriority=\"high\" decoding=\"async\" width=\"1024\" height=\"768\" src=\"https:\/\/mdra.nl\/wp-content\/uploads\/2025\/03\/DSCF7637-1024x768.jpg\" alt=\"\" class=\"wp-image-3083\" srcset=\"https:\/\/mdra.nl\/wp-content\/uploads\/2025\/03\/DSCF7637-1024x768.jpg 1024w, https:\/\/mdra.nl\/wp-content\/uploads\/2025\/03\/DSCF7637-300x225.jpg 300w, https:\/\/mdra.nl\/wp-content\/uploads\/2025\/03\/DSCF7637-768x576.jpg 768w, https:\/\/mdra.nl\/wp-content\/uploads\/2025\/03\/DSCF7637-1536x1152.jpg 1536w, https:\/\/mdra.nl\/wp-content\/uploads\/2025\/03\/DSCF7637-2048x1536.jpg 2048w, https:\/\/mdra.nl\/wp-content\/uploads\/2025\/03\/DSCF7637-16x12.jpg 16w\" sizes=\"(max-width: 1024px) 100vw, 1024px\" \/><\/figure>\n\n\n\n<blockquote class=\"wp-block-quote is-layout-flow wp-block-quote-is-layout-flow\">\n<p class=\"wp-block-paragraph\">\u201cIn Amsterdam zien we een duidelijke stijging van meldingen op grond van herkomst en huidskleur: van 438 in 2023 naar 1.016 in 2024, waarvan 195 specifiek over anti-zwart racisme. Tegelijk blijft het opvallend stil wanneer dit specifieke thema ter sprake komt. Als antidiscriminatievoorziening willen wij onze melders niet alleen ondersteunen, maar ook handelingsperspectieven kunnen bieden. Dat vraagt om erkenning \u00e9n concrete actie. Overheid, u bent aan zet.\u201d<br><br>\u2014 Jerrol Marten, directeur Discriminatie.nl Regio Amsterdam<\/p>\n<\/blockquote>\n\n\n\n<p class=\"wp-block-paragraph\">Afrofobie verwijst naar vijandigheid, angst, afkeer of vooroordelen jegens mensen van Afrikaanse afkomst, hun cultuur, uiterlijke kenmerken (zoals huidskleur en haartype), of alles wat als \u2018Afrikaans\u2019 wordt gezien. Het is een specifieke vorm van racisme, die diepgeworteld is in het koloniale verleden, de Trans-Atlantische slavernij en de ontmenselijking die daarmee gepaard ging.<\/p>\n\n\n\n<p class=\"wp-block-paragraph\">Dr. Barryl Biekman benadrukte tijdens het symposium \u2018De Overheid aan zet\u2019 dat het gebruik van het woord \u2018afrofobie\u2019 cruciaal is.<\/p>\n\n\n\n<blockquote class=\"wp-block-quote is-layout-flow wp-block-quote-is-layout-flow\">\n<p class=\"wp-block-paragraph\"><em>Anti-zwart racisme is niet hetzelfde als algemeen racisme. Als we dat niet erkennen, blijven we steken in abstracties. De is term belangrijk omdat het helpt om gericht te praten over racisme specifiek tegen mensen van Afrikaanse afkomst, in plaats van het te veralgemeniseren. Pas als je iets benoemt, kun je het effectief bestrijden \u2013 in beleid, onderwijs en publieke bewustwording<\/em>.<\/p>\n\n\n\n<p class=\"wp-block-paragraph\">Dr. Barryl Biekman<\/p>\n<\/blockquote>\n\n\n\n<h3 class=\"wp-block-heading\">Overheid aan zet \u2013 landelijk \u00e9n lokaal<\/h3>\n\n\n\n<p class=\"wp-block-paragraph\">Het symposium benadrukte dat het niet aan gemeenten ligt: lokale overheden zoals Utrecht, Amersfoort, Rotterdam en Amsterdam nemen hun verantwoordelijkheid w\u00e9l, vaak met beperkte middelen. Wat ontbreekt is nationale regie.<\/p>\n\n\n\n<p class=\"wp-block-paragraph\">\u201c<em>Wij maken beleid m\u00e9t de gemeenschap, niet over hen,\u201d<\/em>&nbsp;zei wethouder Linda Voortman namens de gemeente Utrecht, dat zichzelf&nbsp;<em>\u2018Mensenrechtenstad\u2019<\/em>&nbsp;noemt. \u201c<em>Dat betekent: Black-led organisaties ondersteunen, representatie verbeteren, en luisteren naar verhalen die te lang genegeerd zijn<\/em>.\u201d<\/p>\n\n\n\n<h3 class=\"wp-block-heading\">Concrete oproep: kabinet, grijp deze kans<\/h3>\n\n\n\n<p class=\"wp-block-paragraph\">De aanwezige organisaties, vertegenwoordigers uit de afro gemeenschappen en VN-vertegenwoordigers formuleerden gezamenlijk een duidelijke oproep aan kabinet, parlement en overheidsinstanties:<\/p>\n\n\n\n<p class=\"wp-block-paragraph\"><strong>Actiepunten voor de Nederlandse overheid<\/strong><\/p>\n\n\n\n<ol start=\"1\" class=\"wp-block-list\">\n<li>Ontwikkel en implementeer een Nationaal Actieplan (NAP) in lijn met deVN-richtlijnen en de Durbanverklaring en het Actieprogramma. Dit met structurele betrokkenheid van de Afro gemeenschap.<\/li>\n\n\n\n<li>Veranker herstelbeleid (\u2018reparatory justice\u2019) in de wet en zorg voor structurele investeringen in onderwijs, arbeidsmarkt, media en bestuur.<\/li>\n\n\n\n<li>Stel structurele financiering beschikbaar voor Afro-Nederlandse en Black-led organisaties en initiatieven.<\/li>\n\n\n\n<li>Zorg voor monitoring en evaluatie, gebaseerd op feiten, data en ervaringen van mensen van Afrikaanse afkomst.<\/li>\n\n\n\n<li>Ondersteun lokale overheden en bouw aan een nationale kennisinfrastructuur rond Afrofobie.<\/li>\n<\/ol>\n\n\n\n<h3 class=\"wp-block-heading\"><strong>Over het symposium<\/strong><\/h3>\n\n\n\n<p class=\"wp-block-paragraph\">\u2018De Overheid aan zet\u2019 vond plaats op 25 maart 2025, de Internationale Dag ter Herdenking van de Slachtoffers van de Trans-Atlantische Slavenhandel. De bijeenkomst werd georganiseerd door Discriminatie.nl Provincie Utrecht, in samenwerking met de collega\u2019s uit de regio\u2019s Amsterdam, Haaglanden en Hollands Midden.<\/p>\n\n\n\n<figure class=\"wp-block-image\"><img decoding=\"async\" src=\"https:\/\/art1middennederland.nl\/wp-content\/uploads\/sites\/3\/2025\/03\/DSCF8039-1920x1440.jpg\" alt=\"Deelnemers Symposium Overheid Aan Zet - 2nd VN Decenium Mensen van Afrikaanse Afkomst\" class=\"wp-image-3812\"\/><\/figure>\n\n\n\n<p class=\"wp-block-paragraph\">Sprekers waren onder meer: dr. Barryl Biekman, dr. Mila Paspalanova (OHCHR), Princes Modi Ntambwe en wethouder Linda Voortman (Utrecht). Aan het panel namen deel: Jerry Afriyie, Kapitein Sylvester Aboikoni, Marciano Daans en Sjaak van der Linden. De lancering werd spiritueel begeleid door Basiya Ray Landveld<\/p>\n\n\n\n<p class=\"wp-block-paragraph\">Deelnemende organisaties: African Union African Diaspora Sixth Region Council, De Hofnar Present, Discriminatie.nl Haaglanden en Hollands Midden, Discriminatie.nl Provincie Utrecht, Discriminatie.nl Regio Amsterdam, Gemeente Utrecht, Gemeente Amersfoort, Landelijk Platform Slavernijverleden, Marron Gemeenschap, Nederland Wordt Beter, NINsee, PAD Belgi\u00eb, Platform Sabi, SDGHUB NL, UNOHCHR, Vereniging Discriminatie.nl, Zwart Manifest.<\/p>\n\n\n\n<h3 class=\"wp-block-heading\">Meer informatie:<\/h3>\n\n\n\n<p class=\"wp-block-paragraph\"><strong>Downloads<\/strong><br>Tweede Internationaal VN-Decennium voor mensen van Afrikaanse afkomst (2025\u20132034)<\/p>\n\n\n\n<ul class=\"wp-block-list\">\n<li><a href=\"https:\/\/mcusercontent.com\/df51629fcad30e452a1c39666\/files\/1e04d1ae-4817-f51f-aef7-a26699a24846\/BROCHURE_BEVORDERING_NATIONALE_BEKENDHEID_SECOND_VN_DECENNIUM_POAD.02.pdf\" target=\"_blank\" rel=\"noreferrer noopener\">Brochure Bevordering Nationale Bekendheid Second VN Decennium POAD.pdf<\/a><\/li>\n\n\n\n<li><a href=\"https:\/\/mcusercontent.com\/df51629fcad30e452a1c39666\/files\/536be93d-7e72-0943-8d2a-b8cb725d08b2\/20241000_Rapport_Evaluatie_Tien_Jaar_VN_DecenniumPAD1.01.pdf\" target=\"_blank\" rel=\"noreferrer noopener\">20241000_Rapport Evaluatie Tien Jaar VN Decennium PAD1.pdf<\/a><\/li>\n\n\n\n<li><a href=\"https:\/\/afrozensus.de\/reports\/2020\/Afrozensus-2020-English-Single-Pages.pdf\" target=\"_blank\" rel=\"noreferrer noopener\">AfroZensus-2020-English-Single-Pages.pdf<\/a><\/li>\n<\/ul>","protected":false},"excerpt":{"rendered":"<p>Oproep aan politiek: van excuses naar structureel herstelbeleid met Afro-professionals aan tafel Utrecht, 28 maart 2025&nbsp;\u2013 Tijdens het symposium \u2018De Overheid aan zet\u2019 in Utrecht riepen vertegenwoordigers van de afro-gemeenschappen, antidiscriminatie-organisaties en de Verenigde Naties de Nederlandse overheid op om haar verantwoordelijkheid te nemen in het kader van het Tweede Internationaal VN-Decennium voor mensen van [&hellip;]<\/p>\n","protected":false},"author":11,"featured_media":3080,"comment_status":"open","ping_status":"open","sticky":false,"template":"","format":"standard","meta":{"site-sidebar-layout":"default","site-content-layout":"","ast-site-content-layout":"default","site-content-style":"default","site-sidebar-style":"default","ast-global-header-display":"","ast-banner-title-visibility":"","ast-main-header-display":"","ast-hfb-above-header-display":"","ast-hfb-below-header-display":"","ast-hfb-mobile-header-display":"","site-post-title":"","ast-breadcrumbs-content":"","ast-featured-img":"","footer-sml-layout":"","ast-disable-related-posts":"","theme-transparent-header-meta":"","adv-header-id-meta":"","stick-header-meta":"","header-above-stick-meta":"","header-main-stick-meta":"","header-below-stick-meta":"","astra-migrate-meta-layouts":"set","ast-page-background-enabled":"default","ast-page-background-meta":{"desktop":{"background-color":"","background-image":"","background-repeat":"repeat","background-position":"center center","background-size":"auto","background-attachment":"scroll","background-type":"","background-media":"","overlay-type":"","overlay-color":"","overlay-opacity":"","overlay-gradient":""},"tablet":{"background-color":"","background-image":"","background-repeat":"repeat","background-position":"center center","background-size":"auto","background-attachment":"scroll","background-type":"","background-media":"","overlay-type":"","overlay-color":"","overlay-opacity":"","overlay-gradient":""},"mobile":{"background-color":"","background-image":"","background-repeat":"repeat","background-position":"center center","background-size":"auto","background-attachment":"scroll","background-type":"","background-media":"","overlay-type":"","overlay-color":"","overlay-opacity":"","overlay-gradient":""}},"ast-content-background-meta":{"desktop":{"background-color":"var(--ast-global-color-5)","background-image":"","background-repeat":"repeat","background-position":"center center","background-size":"auto","background-attachment":"scroll","background-type":"","background-media":"","overlay-type":"","overlay-color":"","overlay-opacity":"","overlay-gradient":""},"tablet":{"background-color":"var(--ast-global-color-5)","background-image":"","background-repeat":"repeat","background-position":"center center","background-size":"auto","background-attachment":"scroll","background-type":"","background-media":"","overlay-type":"","overlay-color":"","overlay-opacity":"","overlay-gradient":""},"mobile":{"background-color":"var(--ast-global-color-5)","background-image":"","background-repeat":"repeat","background-position":"center center","background-size":"auto","background-attachment":"scroll","background-type":"","background-media":"","overlay-type":"","overlay-color":"","overlay-opacity":"","overlay-gradient":""}},"footnotes":""},"categories":[1],"tags":[84,27,83],"class_list":["post-3077","post","type-post","status-publish","format-standard","has-post-thumbnail","hentry","category-nieuws","tag-afrofobie","tag-discriminatie","tag-un-decade"],"yoast_head":"<!-- This site is optimized with the Yoast SEO plugin v28.2 - https:\/\/yoast.com\/product\/yoast-seo-wordpress\/ -->\n<title>Tweede VN-Decennium: Kansen voor inclusief beleid en duurzame samenwerking met Afro-gemeenschappen | Meldpunt Discriminatie Regio Amsterdam<\/title>\n<meta name=\"robots\" content=\"index, follow, max-snippet:-1, max-image-preview:large, max-video-preview:-1\" \/>\n<link rel=\"canonical\" href=\"https:\/\/mdra.nl\/en\/tweede-vn-decennium-kansen-voor-inclusief-beleid-en-duurzame-samenwerking-met-afro-gemeenschappen\/\" \/>\n<meta property=\"og:locale\" content=\"en_US\" \/>\n<meta property=\"og:type\" content=\"article\" \/>\n<meta property=\"og:title\" content=\"Tweede VN-Decennium: Kansen voor inclusief beleid en duurzame samenwerking met Afro-gemeenschappen | Meldpunt Discriminatie Regio Amsterdam\" \/>\n<meta property=\"og:description\" content=\"Oproep aan politiek: van excuses naar structureel herstelbeleid met Afro-professionals aan tafel Utrecht, 28 maart 2025&nbsp;\u2013 Tijdens het symposium \u2018De Overheid aan zet\u2019 in Utrecht riepen vertegenwoordigers van de afro-gemeenschappen, antidiscriminatie-organisaties en de Verenigde Naties de Nederlandse overheid op om haar verantwoordelijkheid te nemen in het kader van het Tweede Internationaal VN-Decennium voor mensen van [&hellip;]\" \/>\n<meta property=\"og:url\" content=\"https:\/\/mdra.nl\/en\/tweede-vn-decennium-kansen-voor-inclusief-beleid-en-duurzame-samenwerking-met-afro-gemeenschappen\/\" \/>\n<meta property=\"og:site_name\" content=\"Meldpunt Discriminatie Regio Amsterdam\" \/>\n<meta property=\"article:publisher\" content=\"https:\/\/www.facebook.com\/discriminatie020\" \/>\n<meta property=\"article:published_time\" content=\"2025-03-31T09:00:32+00:00\" \/>\n<meta property=\"article:modified_time\" content=\"2025-03-31T13:04:06+00:00\" \/>\n<meta property=\"og:image\" content=\"https:\/\/mdra.nl\/wp-content\/uploads\/2025\/03\/DSCF7634-scaled-e1743411550167.jpg\" \/>\n\t<meta property=\"og:image:width\" content=\"1460\" \/>\n\t<meta property=\"og:image:height\" content=\"823\" \/>\n\t<meta property=\"og:image:type\" content=\"image\/jpeg\" \/>\n<meta name=\"author\" content=\"Paul van Heel\" \/>\n<meta name=\"twitter:card\" content=\"summary_large_image\" \/>\n<meta name=\"twitter:creator\" content=\"@discriminatie02\" \/>\n<meta name=\"twitter:site\" content=\"@discriminatie02\" \/>\n<meta name=\"twitter:label1\" content=\"Written by\" \/>\n\t<meta name=\"twitter:data1\" content=\"Paul van Heel\" \/>\n\t<meta name=\"twitter:label2\" content=\"Est. reading time\" \/>\n\t<meta name=\"twitter:data2\" content=\"6 minutes\" \/>\n<script type=\"application\/ld+json\" class=\"yoast-schema-graph\">{\"@context\":\"https:\\\/\\\/schema.org\",\"@graph\":[{\"@type\":\"Article\",\"@id\":\"https:\\\/\\\/mdra.nl\\\/tweede-vn-decennium-kansen-voor-inclusief-beleid-en-duurzame-samenwerking-met-afro-gemeenschappen\\\/#article\",\"isPartOf\":{\"@id\":\"https:\\\/\\\/mdra.nl\\\/tweede-vn-decennium-kansen-voor-inclusief-beleid-en-duurzame-samenwerking-met-afro-gemeenschappen\\\/\"},\"author\":{\"name\":\"Paul van Heel\",\"@id\":\"https:\\\/\\\/mdra.nl\\\/#\\\/schema\\\/person\\\/1466728e66cd71db3dd814461c28ac7a\"},\"headline\":\"Tweede VN-Decennium: Kansen voor inclusief beleid en duurzame samenwerking met Afro-gemeenschappen\",\"datePublished\":\"2025-03-31T09:00:32+00:00\",\"dateModified\":\"2025-03-31T13:04:06+00:00\",\"mainEntityOfPage\":{\"@id\":\"https:\\\/\\\/mdra.nl\\\/tweede-vn-decennium-kansen-voor-inclusief-beleid-en-duurzame-samenwerking-met-afro-gemeenschappen\\\/\"},\"wordCount\":1227,\"commentCount\":0,\"publisher\":{\"@id\":\"https:\\\/\\\/mdra.nl\\\/#organization\"},\"image\":{\"@id\":\"https:\\\/\\\/mdra.nl\\\/tweede-vn-decennium-kansen-voor-inclusief-beleid-en-duurzame-samenwerking-met-afro-gemeenschappen\\\/#primaryimage\"},\"thumbnailUrl\":\"https:\\\/\\\/mdra.nl\\\/wp-content\\\/uploads\\\/2025\\\/03\\\/DSCF7634-scaled-e1743411550167.jpg\",\"keywords\":[\"afrofobie\",\"discriminatie\",\"UN Decade\"],\"articleSection\":[\"Nieuws\"],\"inLanguage\":\"en-EN\",\"potentialAction\":[{\"@type\":\"CommentAction\",\"name\":\"Comment\",\"target\":[\"https:\\\/\\\/mdra.nl\\\/tweede-vn-decennium-kansen-voor-inclusief-beleid-en-duurzame-samenwerking-met-afro-gemeenschappen\\\/#respond\"]}]},{\"@type\":\"WebPage\",\"@id\":\"https:\\\/\\\/mdra.nl\\\/tweede-vn-decennium-kansen-voor-inclusief-beleid-en-duurzame-samenwerking-met-afro-gemeenschappen\\\/\",\"url\":\"https:\\\/\\\/mdra.nl\\\/tweede-vn-decennium-kansen-voor-inclusief-beleid-en-duurzame-samenwerking-met-afro-gemeenschappen\\\/\",\"name\":\"Tweede VN-Decennium: Kansen voor inclusief beleid en duurzame samenwerking met Afro-gemeenschappen | Meldpunt Discriminatie Regio Amsterdam\",\"isPartOf\":{\"@id\":\"https:\\\/\\\/mdra.nl\\\/#website\"},\"primaryImageOfPage\":{\"@id\":\"https:\\\/\\\/mdra.nl\\\/tweede-vn-decennium-kansen-voor-inclusief-beleid-en-duurzame-samenwerking-met-afro-gemeenschappen\\\/#primaryimage\"},\"image\":{\"@id\":\"https:\\\/\\\/mdra.nl\\\/tweede-vn-decennium-kansen-voor-inclusief-beleid-en-duurzame-samenwerking-met-afro-gemeenschappen\\\/#primaryimage\"},\"thumbnailUrl\":\"https:\\\/\\\/mdra.nl\\\/wp-content\\\/uploads\\\/2025\\\/03\\\/DSCF7634-scaled-e1743411550167.jpg\",\"datePublished\":\"2025-03-31T09:00:32+00:00\",\"dateModified\":\"2025-03-31T13:04:06+00:00\",\"breadcrumb\":{\"@id\":\"https:\\\/\\\/mdra.nl\\\/tweede-vn-decennium-kansen-voor-inclusief-beleid-en-duurzame-samenwerking-met-afro-gemeenschappen\\\/#breadcrumb\"},\"inLanguage\":\"en-EN\",\"potentialAction\":[{\"@type\":\"ReadAction\",\"target\":[\"https:\\\/\\\/mdra.nl\\\/tweede-vn-decennium-kansen-voor-inclusief-beleid-en-duurzame-samenwerking-met-afro-gemeenschappen\\\/\"]}]},{\"@type\":\"ImageObject\",\"inLanguage\":\"en-EN\",\"@id\":\"https:\\\/\\\/mdra.nl\\\/tweede-vn-decennium-kansen-voor-inclusief-beleid-en-duurzame-samenwerking-met-afro-gemeenschappen\\\/#primaryimage\",\"url\":\"https:\\\/\\\/mdra.nl\\\/wp-content\\\/uploads\\\/2025\\\/03\\\/DSCF7634-scaled-e1743411550167.jpg\",\"contentUrl\":\"https:\\\/\\\/mdra.nl\\\/wp-content\\\/uploads\\\/2025\\\/03\\\/DSCF7634-scaled-e1743411550167.jpg\",\"width\":1460,\"height\":823},{\"@type\":\"BreadcrumbList\",\"@id\":\"https:\\\/\\\/mdra.nl\\\/tweede-vn-decennium-kansen-voor-inclusief-beleid-en-duurzame-samenwerking-met-afro-gemeenschappen\\\/#breadcrumb\",\"itemListElement\":[{\"@type\":\"ListItem\",\"position\":1,\"name\":\"Home\",\"item\":\"https:\\\/\\\/mdra.nl\\\/\"},{\"@type\":\"ListItem\",\"position\":2,\"name\":\"Tweede VN-Decennium: Kansen voor inclusief beleid en duurzame samenwerking met Afro-gemeenschappen\"}]},{\"@type\":\"WebSite\",\"@id\":\"https:\\\/\\\/mdra.nl\\\/#website\",\"url\":\"https:\\\/\\\/mdra.nl\\\/\",\"name\":\"Discriminatie Regio Amsterdam\",\"description\":\"Gediscrimineerd. En nu?\",\"publisher\":{\"@id\":\"https:\\\/\\\/mdra.nl\\\/#organization\"},\"alternateName\":\"DRA\",\"potentialAction\":[{\"@type\":\"SearchAction\",\"target\":{\"@type\":\"EntryPoint\",\"urlTemplate\":\"https:\\\/\\\/mdra.nl\\\/?s={search_term_string}\"},\"query-input\":{\"@type\":\"PropertyValueSpecification\",\"valueRequired\":true,\"valueName\":\"search_term_string\"}}],\"inLanguage\":\"en-EN\"},{\"@type\":\"Organization\",\"@id\":\"https:\\\/\\\/mdra.nl\\\/#organization\",\"name\":\"Discriminatie Regio Amsterdam\",\"url\":\"https:\\\/\\\/mdra.nl\\\/\",\"logo\":{\"@type\":\"ImageObject\",\"inLanguage\":\"en-EN\",\"@id\":\"https:\\\/\\\/mdra.nl\\\/#\\\/schema\\\/logo\\\/image\\\/\",\"url\":\"https:\\\/\\\/mdra.nl\\\/wp-content\\\/uploads\\\/2019\\\/11\\\/Discriminatie.nl-Logo-Regio-Regio-Amsterdam.svg\",\"contentUrl\":\"https:\\\/\\\/mdra.nl\\\/wp-content\\\/uploads\\\/2019\\\/11\\\/Discriminatie.nl-Logo-Regio-Regio-Amsterdam.svg\",\"width\":510,\"height\":152,\"caption\":\"Discriminatie Regio Amsterdam\"},\"image\":{\"@id\":\"https:\\\/\\\/mdra.nl\\\/#\\\/schema\\\/logo\\\/image\\\/\"},\"sameAs\":[\"https:\\\/\\\/www.facebook.com\\\/discriminatie020\",\"https:\\\/\\\/x.com\\\/discriminatie02\",\"https:\\\/\\\/www.tiktok.com\\\/@discriminatie020\",\"https:\\\/\\\/www.youtube.com\\\/@discriminatie020\",\"https:\\\/\\\/instagram.com\\\/discriminatie020\"]},{\"@type\":\"Person\",\"@id\":\"https:\\\/\\\/mdra.nl\\\/#\\\/schema\\\/person\\\/1466728e66cd71db3dd814461c28ac7a\",\"name\":\"Paul van Heel\",\"url\":\"https:\\\/\\\/mdra.nl\\\/en\\\/author\\\/sdghubbeheer\\\/\"}]}<\/script>\n<!-- \/ Yoast SEO plugin. -->","yoast_head_json":{"title":"Tweede VN-Decennium: Kansen voor inclusief beleid en duurzame samenwerking met Afro-gemeenschappen | Meldpunt Discriminatie Regio Amsterdam","robots":{"index":"index","follow":"follow","max-snippet":"max-snippet:-1","max-image-preview":"max-image-preview:large","max-video-preview":"max-video-preview:-1"},"canonical":"https:\/\/mdra.nl\/en\/tweede-vn-decennium-kansen-voor-inclusief-beleid-en-duurzame-samenwerking-met-afro-gemeenschappen\/","og_locale":"en_US","og_type":"article","og_title":"Tweede VN-Decennium: Kansen voor inclusief beleid en duurzame samenwerking met Afro-gemeenschappen | Meldpunt Discriminatie Regio Amsterdam","og_description":"Oproep aan politiek: van excuses naar structureel herstelbeleid met Afro-professionals aan tafel Utrecht, 28 maart 2025&nbsp;\u2013 Tijdens het symposium \u2018De Overheid aan zet\u2019 in Utrecht riepen vertegenwoordigers van de afro-gemeenschappen, antidiscriminatie-organisaties en de Verenigde Naties de Nederlandse overheid op om haar verantwoordelijkheid te nemen in het kader van het Tweede Internationaal VN-Decennium voor mensen van [&hellip;]","og_url":"https:\/\/mdra.nl\/en\/tweede-vn-decennium-kansen-voor-inclusief-beleid-en-duurzame-samenwerking-met-afro-gemeenschappen\/","og_site_name":"Meldpunt Discriminatie Regio Amsterdam","article_publisher":"https:\/\/www.facebook.com\/discriminatie020","article_published_time":"2025-03-31T09:00:32+00:00","article_modified_time":"2025-03-31T13:04:06+00:00","og_image":[{"width":1460,"height":823,"url":"https:\/\/mdra.nl\/wp-content\/uploads\/2025\/03\/DSCF7634-scaled-e1743411550167.jpg","type":"image\/jpeg"}],"author":"Paul van Heel","twitter_card":"summary_large_image","twitter_creator":"@discriminatie02","twitter_site":"@discriminatie02","twitter_misc":{"Written by":"Paul van Heel","Est. reading time":"6 minutes"},"schema":{"@context":"https:\/\/schema.org","@graph":[{"@type":"Article","@id":"https:\/\/mdra.nl\/tweede-vn-decennium-kansen-voor-inclusief-beleid-en-duurzame-samenwerking-met-afro-gemeenschappen\/#article","isPartOf":{"@id":"https:\/\/mdra.nl\/tweede-vn-decennium-kansen-voor-inclusief-beleid-en-duurzame-samenwerking-met-afro-gemeenschappen\/"},"author":{"name":"Paul van Heel","@id":"https:\/\/mdra.nl\/#\/schema\/person\/1466728e66cd71db3dd814461c28ac7a"},"headline":"Tweede VN-Decennium: Kansen voor inclusief beleid en duurzame samenwerking met Afro-gemeenschappen","datePublished":"2025-03-31T09:00:32+00:00","dateModified":"2025-03-31T13:04:06+00:00","mainEntityOfPage":{"@id":"https:\/\/mdra.nl\/tweede-vn-decennium-kansen-voor-inclusief-beleid-en-duurzame-samenwerking-met-afro-gemeenschappen\/"},"wordCount":1227,"commentCount":0,"publisher":{"@id":"https:\/\/mdra.nl\/#organization"},"image":{"@id":"https:\/\/mdra.nl\/tweede-vn-decennium-kansen-voor-inclusief-beleid-en-duurzame-samenwerking-met-afro-gemeenschappen\/#primaryimage"},"thumbnailUrl":"https:\/\/mdra.nl\/wp-content\/uploads\/2025\/03\/DSCF7634-scaled-e1743411550167.jpg","keywords":["afrofobie","discriminatie","UN Decade"],"articleSection":["Nieuws"],"inLanguage":"en-EN","potentialAction":[{"@type":"CommentAction","name":"Comment","target":["https:\/\/mdra.nl\/tweede-vn-decennium-kansen-voor-inclusief-beleid-en-duurzame-samenwerking-met-afro-gemeenschappen\/#respond"]}]},{"@type":"WebPage","@id":"https:\/\/mdra.nl\/tweede-vn-decennium-kansen-voor-inclusief-beleid-en-duurzame-samenwerking-met-afro-gemeenschappen\/","url":"https:\/\/mdra.nl\/tweede-vn-decennium-kansen-voor-inclusief-beleid-en-duurzame-samenwerking-met-afro-gemeenschappen\/","name":"Tweede VN-Decennium: Kansen voor inclusief beleid en duurzame samenwerking met Afro-gemeenschappen | Meldpunt Discriminatie Regio Amsterdam","isPartOf":{"@id":"https:\/\/mdra.nl\/#website"},"primaryImageOfPage":{"@id":"https:\/\/mdra.nl\/tweede-vn-decennium-kansen-voor-inclusief-beleid-en-duurzame-samenwerking-met-afro-gemeenschappen\/#primaryimage"},"image":{"@id":"https:\/\/mdra.nl\/tweede-vn-decennium-kansen-voor-inclusief-beleid-en-duurzame-samenwerking-met-afro-gemeenschappen\/#primaryimage"},"thumbnailUrl":"https:\/\/mdra.nl\/wp-content\/uploads\/2025\/03\/DSCF7634-scaled-e1743411550167.jpg","datePublished":"2025-03-31T09:00:32+00:00","dateModified":"2025-03-31T13:04:06+00:00","breadcrumb":{"@id":"https:\/\/mdra.nl\/tweede-vn-decennium-kansen-voor-inclusief-beleid-en-duurzame-samenwerking-met-afro-gemeenschappen\/#breadcrumb"},"inLanguage":"en-EN","potentialAction":[{"@type":"ReadAction","target":["https:\/\/mdra.nl\/tweede-vn-decennium-kansen-voor-inclusief-beleid-en-duurzame-samenwerking-met-afro-gemeenschappen\/"]}]},{"@type":"ImageObject","inLanguage":"en-EN","@id":"https:\/\/mdra.nl\/tweede-vn-decennium-kansen-voor-inclusief-beleid-en-duurzame-samenwerking-met-afro-gemeenschappen\/#primaryimage","url":"https:\/\/mdra.nl\/wp-content\/uploads\/2025\/03\/DSCF7634-scaled-e1743411550167.jpg","contentUrl":"https:\/\/mdra.nl\/wp-content\/uploads\/2025\/03\/DSCF7634-scaled-e1743411550167.jpg","width":1460,"height":823},{"@type":"BreadcrumbList","@id":"https:\/\/mdra.nl\/tweede-vn-decennium-kansen-voor-inclusief-beleid-en-duurzame-samenwerking-met-afro-gemeenschappen\/#breadcrumb","itemListElement":[{"@type":"ListItem","position":1,"name":"Home","item":"https:\/\/mdra.nl\/"},{"@type":"ListItem","position":2,"name":"Tweede VN-Decennium: Kansen voor inclusief beleid en duurzame samenwerking met Afro-gemeenschappen"}]},{"@type":"WebSite","@id":"https:\/\/mdra.nl\/#website","url":"https:\/\/mdra.nl\/","name":"Discriminatie Regio Amsterdam","description":"Discriminated against. And now?","publisher":{"@id":"https:\/\/mdra.nl\/#organization"},"alternateName":"DRA","potentialAction":[{"@type":"SearchAction","target":{"@type":"EntryPoint","urlTemplate":"https:\/\/mdra.nl\/?s={search_term_string}"},"query-input":{"@type":"PropertyValueSpecification","valueRequired":true,"valueName":"search_term_string"}}],"inLanguage":"en-EN"},{"@type":"Organization","@id":"https:\/\/mdra.nl\/#organization","name":"Discriminatie Regio Amsterdam","url":"https:\/\/mdra.nl\/","logo":{"@type":"ImageObject","inLanguage":"en-EN","@id":"https:\/\/mdra.nl\/#\/schema\/logo\/image\/","url":"https:\/\/mdra.nl\/wp-content\/uploads\/2019\/11\/Discriminatie.nl-Logo-Regio-Regio-Amsterdam.svg","contentUrl":"https:\/\/mdra.nl\/wp-content\/uploads\/2019\/11\/Discriminatie.nl-Logo-Regio-Regio-Amsterdam.svg","width":510,"height":152,"caption":"Discriminatie Regio Amsterdam"},"image":{"@id":"https:\/\/mdra.nl\/#\/schema\/logo\/image\/"},"sameAs":["https:\/\/www.facebook.com\/discriminatie020","https:\/\/x.com\/discriminatie02","https:\/\/www.tiktok.com\/@discriminatie020","https:\/\/www.youtube.com\/@discriminatie020","https:\/\/instagram.com\/discriminatie020"]},{"@type":"Person","@id":"https:\/\/mdra.nl\/#\/schema\/person\/1466728e66cd71db3dd814461c28ac7a","name":"Paul van Heel","url":"https:\/\/mdra.nl\/en\/author\/sdghubbeheer\/"}]}},"_links":{"self":[{"href":"https:\/\/mdra.nl\/en\/wp-json\/wp\/v2\/posts\/3077","targetHints":{"allow":["GET"]}}],"collection":[{"href":"https:\/\/mdra.nl\/en\/wp-json\/wp\/v2\/posts"}],"about":[{"href":"https:\/\/mdra.nl\/en\/wp-json\/wp\/v2\/types\/post"}],"author":[{"embeddable":true,"href":"https:\/\/mdra.nl\/en\/wp-json\/wp\/v2\/users\/11"}],"replies":[{"embeddable":true,"href":"https:\/\/mdra.nl\/en\/wp-json\/wp\/v2\/comments?post=3077"}],"version-history":[{"count":6,"href":"https:\/\/mdra.nl\/en\/wp-json\/wp\/v2\/posts\/3077\/revisions"}],"predecessor-version":[{"id":3090,"href":"https:\/\/mdra.nl\/en\/wp-json\/wp\/v2\/posts\/3077\/revisions\/3090"}],"wp:featuredmedia":[{"embeddable":true,"href":"https:\/\/mdra.nl\/en\/wp-json\/wp\/v2\/media\/3080"}],"wp:attachment":[{"href":"https:\/\/mdra.nl\/en\/wp-json\/wp\/v2\/media?parent=3077"}],"wp:term":[{"taxonomy":"category","embeddable":true,"href":"https:\/\/mdra.nl\/en\/wp-json\/wp\/v2\/categories?post=3077"},{"taxonomy":"post_tag","embeddable":true,"href":"https:\/\/mdra.nl\/en\/wp-json\/wp\/v2\/tags?post=3077"}],"curies":[{"name":"wp","href":"https:\/\/api.w.org\/{rel}","templated":true}]}}