{"id":3726,"date":"2026-07-27T17:51:10","date_gmt":"2026-07-27T15:51:10","guid":{"rendered":"https:\/\/mdra.nl\/?p=3726"},"modified":"2026-07-27T17:51:11","modified_gmt":"2026-07-27T15:51:11","slug":"pride-berlijn-een-moment-van-stilte-een-moment-van-reflectie","status":"publish","type":"post","link":"https:\/\/mdra.nl\/en\/pride-berlijn-een-moment-van-stilte-een-moment-van-reflectie\/","title":{"rendered":"Pride Berlijn: Een moment van stilte. Een moment van reflectie."},"content":{"rendered":"<p class=\"wp-block-paragraph\">De gebeurtenissen tijdens de Pride-viering in Berlijn afgelopen weekend hebben velen geraakt. Ook bij Discriminatie.nl Regio Amsterdam (DRA) komt deze tragedie hard binnen. Een evenement dat juist moet draaien om zichtbaarheid, vrijheid en veiligheid, werd overschaduwd door geweld en intimidatie.<\/p>\n\n\n\n<p class=\"wp-block-paragraph\">Terwijl Amsterdam de WorldPride viert en duizenden mensen samenkomen om diversiteit te vieren, zien wij helaas ook de andere kant van de werkelijkheid. Als backoffice van het RITA-meldplatform behandelen wij de meldingen die tijdens de Pride binnenkomen. Sinds afgelopen weekend stromen er tientallen meldingen binnen van beledigingen, uitschelden, bespugen, intimidatie en zelfs fysiek geweld. Niet alleen in Amsterdam zelf, maar ook onderweg naar de festiviteiten.<\/p>\n\n\n\n<p class=\"wp-block-paragraph\">Dat maakt ons verdrietig \u00e9n bezorgd. Elke melding is er \u00e9\u00e9n te veel.<\/p>\n\n\n\n<p class=\"wp-block-paragraph\">Juist daarom is Pride nog altijd noodzakelijk. Het gaat niet alleen om vieren, maar ook om zichtbaar zijn, solidariteit tonen en opkomen voor het recht om jezelf te kunnen zijn. Samen zetten we ons in om alle komende evenementen veilig en vreedzaam te laten verlopen. En juist nu is het belangrijk om een duidelijk signaal af te geven: wij staan voor inclusie, gelijkwaardigheid en vrijheid. Daar laten wij ons niet van weerhouden. Onze oproep aan iedereen is; let op elkaar en zorg dat iedereen zich in Amsterdam veilig voelt.<\/p>\n\n\n\n<p class=\"wp-block-paragraph\"><strong>Ervaar, hoor of zie je discriminatie? Meld het.<\/strong><br>Melden is gratis, kan anoniem en ook voor een ander en maakt verschil. Het helpt zichtbaar te maken wat er gebeurt, waar het gebeurt en hoe we discriminatie samen kunnen bestrijden. Iedere melding telt.<\/p>\n\n\n\n<p class=\"wp-block-paragraph\"><a href=\"imap:\/\/tom%40thesuite.nl@srv2.thesuite.nl:993\/fetch%3EUID%3E.INBOX%3E110373#x_meldhetwel\" target=\"_blank\" rel=\"noreferrer noopener\"><\/a><a href=\"#meldhetwel\">#meldhetwel<\/a> <a href=\"imap:\/\/tom%40thesuite.nl@srv2.thesuite.nl:993\/fetch%3EUID%3E.INBOX%3E110373#x_pride\" target=\"_blank\" rel=\"noreferrer noopener\"><\/a><a href=\"#pride\">#pride<\/a> <a href=\"imap:\/\/tom%40thesuite.nl@srv2.thesuite.nl:993\/fetch%3EUID%3E.INBOX%3E110373#x_worldpride\" target=\"_blank\" rel=\"noreferrer noopener\"><\/a><a href=\"#worldpride\">#worldpride<\/a><\/p>","protected":false},"excerpt":{"rendered":"<p>De gebeurtenissen tijdens de Pride-viering in Berlijn afgelopen weekend hebben velen geraakt. Ook bij Discriminatie.nl Regio Amsterdam (DRA) komt deze tragedie hard binnen. Een evenement dat juist moet draaien om zichtbaarheid, vrijheid en veiligheid, werd overschaduwd door geweld en intimidatie. Terwijl Amsterdam de WorldPride viert en duizenden mensen samenkomen om diversiteit te vieren, zien wij [&hellip;]<\/p>\n","protected":false},"author":12,"featured_media":3727,"comment_status":"closed","ping_status":"closed","sticky":false,"template":"","format":"standard","meta":{"site-sidebar-layout":"default","site-content-layout":"","ast-site-content-layout":"default","site-content-style":"default","site-sidebar-style":"default","ast-global-header-display":"","ast-banner-title-visibility":"","ast-main-header-display":"","ast-hfb-above-header-display":"","ast-hfb-below-header-display":"","ast-hfb-mobile-header-display":"","site-post-title":"","ast-breadcrumbs-content":"","ast-featured-img":"","footer-sml-layout":"","ast-disable-related-posts":"","theme-transparent-header-meta":"","adv-header-id-meta":"","stick-header-meta":"","header-above-stick-meta":"","header-main-stick-meta":"","header-below-stick-meta":"","astra-migrate-meta-layouts":"set","ast-page-background-enabled":"default","ast-page-background-meta":{"desktop":{"background-color":"","background-image":"","background-repeat":"repeat","background-position":"center center","background-size":"auto","background-attachment":"scroll","background-type":"","background-media":"","overlay-type":"","overlay-color":"","overlay-opacity":"","overlay-gradient":""},"tablet":{"background-color":"","background-image":"","background-repeat":"repeat","background-position":"center center","background-size":"auto","background-attachment":"scroll","background-type":"","background-media":"","overlay-type":"","overlay-color":"","overlay-opacity":"","overlay-gradient":""},"mobile":{"background-color":"","background-image":"","background-repeat":"repeat","background-position":"center center","background-size":"auto","background-attachment":"scroll","background-type":"","background-media":"","overlay-type":"","overlay-color":"","overlay-opacity":"","overlay-gradient":""}},"ast-content-background-meta":{"desktop":{"background-color":"var(--ast-global-color-5)","background-image":"","background-repeat":"repeat","background-position":"center center","background-size":"auto","background-attachment":"scroll","background-type":"","background-media":"","overlay-type":"","overlay-color":"","overlay-opacity":"","overlay-gradient":""},"tablet":{"background-color":"var(--ast-global-color-5)","background-image":"","background-repeat":"repeat","background-position":"center center","background-size":"auto","background-attachment":"scroll","background-type":"","background-media":"","overlay-type":"","overlay-color":"","overlay-opacity":"","overlay-gradient":""},"mobile":{"background-color":"var(--ast-global-color-5)","background-image":"","background-repeat":"repeat","background-position":"center center","background-size":"auto","background-attachment":"scroll","background-type":"","background-media":"","overlay-type":"","overlay-color":"","overlay-opacity":"","overlay-gradient":""}},"footnotes":""},"categories":[1],"tags":[],"class_list":["post-3726","post","type-post","status-publish","format-standard","has-post-thumbnail","hentry","category-nieuws"],"yoast_head":"<!-- This site is optimized with the Yoast SEO plugin v28.2 - https:\/\/yoast.com\/product\/yoast-seo-wordpress\/ -->\n<title>Pride Berlijn: Een moment van stilte. Een moment van reflectie. | Meldpunt Discriminatie Regio Amsterdam<\/title>\n<meta name=\"robots\" content=\"index, follow, max-snippet:-1, max-image-preview:large, max-video-preview:-1\" \/>\n<link rel=\"canonical\" href=\"https:\/\/mdra.nl\/en\/pride-berlijn-een-moment-van-stilte-een-moment-van-reflectie\/\" \/>\n<meta property=\"og:locale\" content=\"en_US\" \/>\n<meta property=\"og:type\" content=\"article\" \/>\n<meta property=\"og:title\" content=\"Pride Berlijn: Een moment van stilte. Een moment van reflectie. | Meldpunt Discriminatie Regio Amsterdam\" \/>\n<meta property=\"og:description\" content=\"De gebeurtenissen tijdens de Pride-viering in Berlijn afgelopen weekend hebben velen geraakt. Ook bij Discriminatie.nl Regio Amsterdam (DRA) komt deze tragedie hard binnen. Een evenement dat juist moet draaien om zichtbaarheid, vrijheid en veiligheid, werd overschaduwd door geweld en intimidatie. Terwijl Amsterdam de WorldPride viert en duizenden mensen samenkomen om diversiteit te vieren, zien wij [&hellip;]\" \/>\n<meta property=\"og:url\" content=\"https:\/\/mdra.nl\/en\/pride-berlijn-een-moment-van-stilte-een-moment-van-reflectie\/\" \/>\n<meta property=\"og:site_name\" content=\"Meldpunt Discriminatie Regio Amsterdam\" \/>\n<meta property=\"article:publisher\" content=\"https:\/\/www.facebook.com\/discriminatie020\" \/>\n<meta property=\"article:published_time\" content=\"2026-07-27T15:51:10+00:00\" \/>\n<meta property=\"article:modified_time\" content=\"2026-07-27T15:51:11+00:00\" \/>\n<meta property=\"og:image\" content=\"https:\/\/mdra.nl\/wp-content\/uploads\/2026\/07\/2026-07-27-Statement-Berlijn-Website.jpg\" \/>\n\t<meta property=\"og:image:width\" content=\"1920\" \/>\n\t<meta property=\"og:image:height\" content=\"1080\" \/>\n\t<meta property=\"og:image:type\" content=\"image\/jpeg\" \/>\n<meta name=\"author\" content=\"Tom de Wit\" \/>\n<meta name=\"twitter:card\" content=\"summary_large_image\" \/>\n<meta name=\"twitter:creator\" content=\"@discriminatie02\" \/>\n<meta name=\"twitter:site\" content=\"@discriminatie02\" \/>\n<meta name=\"twitter:label1\" content=\"Written by\" \/>\n\t<meta name=\"twitter:data1\" content=\"Tom de Wit\" \/>\n\t<meta name=\"twitter:label2\" content=\"Est. reading time\" \/>\n\t<meta name=\"twitter:data2\" content=\"2 minutes\" \/>\n<script type=\"application\/ld+json\" class=\"yoast-schema-graph\">{\"@context\":\"https:\\\/\\\/schema.org\",\"@graph\":[{\"@type\":\"Article\",\"@id\":\"https:\\\/\\\/mdra.nl\\\/pride-berlijn-een-moment-van-stilte-een-moment-van-reflectie\\\/#article\",\"isPartOf\":{\"@id\":\"https:\\\/\\\/mdra.nl\\\/pride-berlijn-een-moment-van-stilte-een-moment-van-reflectie\\\/\"},\"author\":{\"name\":\"Tom de Wit\",\"@id\":\"https:\\\/\\\/mdra.nl\\\/#\\\/schema\\\/person\\\/37efec7ea45e6312aff457e1876066c2\"},\"headline\":\"Pride Berlijn: Een moment van stilte. Een moment van reflectie.\",\"datePublished\":\"2026-07-27T15:51:10+00:00\",\"dateModified\":\"2026-07-27T15:51:11+00:00\",\"mainEntityOfPage\":{\"@id\":\"https:\\\/\\\/mdra.nl\\\/pride-berlijn-een-moment-van-stilte-een-moment-van-reflectie\\\/\"},\"wordCount\":263,\"publisher\":{\"@id\":\"https:\\\/\\\/mdra.nl\\\/#organization\"},\"image\":{\"@id\":\"https:\\\/\\\/mdra.nl\\\/pride-berlijn-een-moment-van-stilte-een-moment-van-reflectie\\\/#primaryimage\"},\"thumbnailUrl\":\"https:\\\/\\\/mdra.nl\\\/wp-content\\\/uploads\\\/2026\\\/07\\\/2026-07-27-Statement-Berlijn-Website.jpg\",\"articleSection\":[\"Nieuws\"],\"inLanguage\":\"en-EN\"},{\"@type\":\"WebPage\",\"@id\":\"https:\\\/\\\/mdra.nl\\\/pride-berlijn-een-moment-van-stilte-een-moment-van-reflectie\\\/\",\"url\":\"https:\\\/\\\/mdra.nl\\\/pride-berlijn-een-moment-van-stilte-een-moment-van-reflectie\\\/\",\"name\":\"Pride Berlijn: Een moment van stilte. Een moment van reflectie. | Meldpunt Discriminatie Regio Amsterdam\",\"isPartOf\":{\"@id\":\"https:\\\/\\\/mdra.nl\\\/#website\"},\"primaryImageOfPage\":{\"@id\":\"https:\\\/\\\/mdra.nl\\\/pride-berlijn-een-moment-van-stilte-een-moment-van-reflectie\\\/#primaryimage\"},\"image\":{\"@id\":\"https:\\\/\\\/mdra.nl\\\/pride-berlijn-een-moment-van-stilte-een-moment-van-reflectie\\\/#primaryimage\"},\"thumbnailUrl\":\"https:\\\/\\\/mdra.nl\\\/wp-content\\\/uploads\\\/2026\\\/07\\\/2026-07-27-Statement-Berlijn-Website.jpg\",\"datePublished\":\"2026-07-27T15:51:10+00:00\",\"dateModified\":\"2026-07-27T15:51:11+00:00\",\"breadcrumb\":{\"@id\":\"https:\\\/\\\/mdra.nl\\\/pride-berlijn-een-moment-van-stilte-een-moment-van-reflectie\\\/#breadcrumb\"},\"inLanguage\":\"en-EN\",\"potentialAction\":[{\"@type\":\"ReadAction\",\"target\":[\"https:\\\/\\\/mdra.nl\\\/pride-berlijn-een-moment-van-stilte-een-moment-van-reflectie\\\/\"]}]},{\"@type\":\"ImageObject\",\"inLanguage\":\"en-EN\",\"@id\":\"https:\\\/\\\/mdra.nl\\\/pride-berlijn-een-moment-van-stilte-een-moment-van-reflectie\\\/#primaryimage\",\"url\":\"https:\\\/\\\/mdra.nl\\\/wp-content\\\/uploads\\\/2026\\\/07\\\/2026-07-27-Statement-Berlijn-Website.jpg\",\"contentUrl\":\"https:\\\/\\\/mdra.nl\\\/wp-content\\\/uploads\\\/2026\\\/07\\\/2026-07-27-Statement-Berlijn-Website.jpg\",\"width\":1920,\"height\":1080,\"caption\":\"Pride Berlijn: Een moment van stilte. Een moment van reflectie.\"},{\"@type\":\"BreadcrumbList\",\"@id\":\"https:\\\/\\\/mdra.nl\\\/pride-berlijn-een-moment-van-stilte-een-moment-van-reflectie\\\/#breadcrumb\",\"itemListElement\":[{\"@type\":\"ListItem\",\"position\":1,\"name\":\"Home\",\"item\":\"https:\\\/\\\/mdra.nl\\\/\"},{\"@type\":\"ListItem\",\"position\":2,\"name\":\"Pride Berlijn: Een moment van stilte. Een moment van reflectie.\"}]},{\"@type\":\"WebSite\",\"@id\":\"https:\\\/\\\/mdra.nl\\\/#website\",\"url\":\"https:\\\/\\\/mdra.nl\\\/\",\"name\":\"Discriminatie Regio Amsterdam\",\"description\":\"Gediscrimineerd. En nu?\",\"publisher\":{\"@id\":\"https:\\\/\\\/mdra.nl\\\/#organization\"},\"alternateName\":\"DRA\",\"potentialAction\":[{\"@type\":\"SearchAction\",\"target\":{\"@type\":\"EntryPoint\",\"urlTemplate\":\"https:\\\/\\\/mdra.nl\\\/?s={search_term_string}\"},\"query-input\":{\"@type\":\"PropertyValueSpecification\",\"valueRequired\":true,\"valueName\":\"search_term_string\"}}],\"inLanguage\":\"en-EN\"},{\"@type\":\"Organization\",\"@id\":\"https:\\\/\\\/mdra.nl\\\/#organization\",\"name\":\"Discriminatie Regio Amsterdam\",\"url\":\"https:\\\/\\\/mdra.nl\\\/\",\"logo\":{\"@type\":\"ImageObject\",\"inLanguage\":\"en-EN\",\"@id\":\"https:\\\/\\\/mdra.nl\\\/#\\\/schema\\\/logo\\\/image\\\/\",\"url\":\"https:\\\/\\\/mdra.nl\\\/wp-content\\\/uploads\\\/2019\\\/11\\\/Discriminatie.nl-Logo-Regio-Regio-Amsterdam.svg\",\"contentUrl\":\"https:\\\/\\\/mdra.nl\\\/wp-content\\\/uploads\\\/2019\\\/11\\\/Discriminatie.nl-Logo-Regio-Regio-Amsterdam.svg\",\"width\":510,\"height\":152,\"caption\":\"Discriminatie Regio Amsterdam\"},\"image\":{\"@id\":\"https:\\\/\\\/mdra.nl\\\/#\\\/schema\\\/logo\\\/image\\\/\"},\"sameAs\":[\"https:\\\/\\\/www.facebook.com\\\/discriminatie020\",\"https:\\\/\\\/x.com\\\/discriminatie02\",\"https:\\\/\\\/www.tiktok.com\\\/@discriminatie020\",\"https:\\\/\\\/www.youtube.com\\\/@discriminatie020\",\"https:\\\/\\\/instagram.com\\\/discriminatie020\"]},{\"@type\":\"Person\",\"@id\":\"https:\\\/\\\/mdra.nl\\\/#\\\/schema\\\/person\\\/37efec7ea45e6312aff457e1876066c2\",\"name\":\"Tom de Wit\",\"url\":\"https:\\\/\\\/mdra.nl\\\/en\\\/author\\\/tombeheer\\\/\"}]}<\/script>\n<!-- \/ Yoast SEO plugin. -->","yoast_head_json":{"title":"Pride Berlijn: Een moment van stilte. Een moment van reflectie. | Meldpunt Discriminatie Regio Amsterdam","robots":{"index":"index","follow":"follow","max-snippet":"max-snippet:-1","max-image-preview":"max-image-preview:large","max-video-preview":"max-video-preview:-1"},"canonical":"https:\/\/mdra.nl\/en\/pride-berlijn-een-moment-van-stilte-een-moment-van-reflectie\/","og_locale":"en_US","og_type":"article","og_title":"Pride Berlijn: Een moment van stilte. Een moment van reflectie. | Meldpunt Discriminatie Regio Amsterdam","og_description":"De gebeurtenissen tijdens de Pride-viering in Berlijn afgelopen weekend hebben velen geraakt. Ook bij Discriminatie.nl Regio Amsterdam (DRA) komt deze tragedie hard binnen. Een evenement dat juist moet draaien om zichtbaarheid, vrijheid en veiligheid, werd overschaduwd door geweld en intimidatie. Terwijl Amsterdam de WorldPride viert en duizenden mensen samenkomen om diversiteit te vieren, zien wij [&hellip;]","og_url":"https:\/\/mdra.nl\/en\/pride-berlijn-een-moment-van-stilte-een-moment-van-reflectie\/","og_site_name":"Meldpunt Discriminatie Regio Amsterdam","article_publisher":"https:\/\/www.facebook.com\/discriminatie020","article_published_time":"2026-07-27T15:51:10+00:00","article_modified_time":"2026-07-27T15:51:11+00:00","og_image":[{"width":1920,"height":1080,"url":"https:\/\/mdra.nl\/wp-content\/uploads\/2026\/07\/2026-07-27-Statement-Berlijn-Website.jpg","type":"image\/jpeg"}],"author":"Tom de Wit","twitter_card":"summary_large_image","twitter_creator":"@discriminatie02","twitter_site":"@discriminatie02","twitter_misc":{"Written by":"Tom de Wit","Est. reading time":"2 minutes"},"schema":{"@context":"https:\/\/schema.org","@graph":[{"@type":"Article","@id":"https:\/\/mdra.nl\/pride-berlijn-een-moment-van-stilte-een-moment-van-reflectie\/#article","isPartOf":{"@id":"https:\/\/mdra.nl\/pride-berlijn-een-moment-van-stilte-een-moment-van-reflectie\/"},"author":{"name":"Tom de Wit","@id":"https:\/\/mdra.nl\/#\/schema\/person\/37efec7ea45e6312aff457e1876066c2"},"headline":"Pride Berlijn: Een moment van stilte. Een moment van reflectie.","datePublished":"2026-07-27T15:51:10+00:00","dateModified":"2026-07-27T15:51:11+00:00","mainEntityOfPage":{"@id":"https:\/\/mdra.nl\/pride-berlijn-een-moment-van-stilte-een-moment-van-reflectie\/"},"wordCount":263,"publisher":{"@id":"https:\/\/mdra.nl\/#organization"},"image":{"@id":"https:\/\/mdra.nl\/pride-berlijn-een-moment-van-stilte-een-moment-van-reflectie\/#primaryimage"},"thumbnailUrl":"https:\/\/mdra.nl\/wp-content\/uploads\/2026\/07\/2026-07-27-Statement-Berlijn-Website.jpg","articleSection":["Nieuws"],"inLanguage":"en-EN"},{"@type":"WebPage","@id":"https:\/\/mdra.nl\/pride-berlijn-een-moment-van-stilte-een-moment-van-reflectie\/","url":"https:\/\/mdra.nl\/pride-berlijn-een-moment-van-stilte-een-moment-van-reflectie\/","name":"Pride Berlijn: Een moment van stilte. Een moment van reflectie. | Meldpunt Discriminatie Regio Amsterdam","isPartOf":{"@id":"https:\/\/mdra.nl\/#website"},"primaryImageOfPage":{"@id":"https:\/\/mdra.nl\/pride-berlijn-een-moment-van-stilte-een-moment-van-reflectie\/#primaryimage"},"image":{"@id":"https:\/\/mdra.nl\/pride-berlijn-een-moment-van-stilte-een-moment-van-reflectie\/#primaryimage"},"thumbnailUrl":"https:\/\/mdra.nl\/wp-content\/uploads\/2026\/07\/2026-07-27-Statement-Berlijn-Website.jpg","datePublished":"2026-07-27T15:51:10+00:00","dateModified":"2026-07-27T15:51:11+00:00","breadcrumb":{"@id":"https:\/\/mdra.nl\/pride-berlijn-een-moment-van-stilte-een-moment-van-reflectie\/#breadcrumb"},"inLanguage":"en-EN","potentialAction":[{"@type":"ReadAction","target":["https:\/\/mdra.nl\/pride-berlijn-een-moment-van-stilte-een-moment-van-reflectie\/"]}]},{"@type":"ImageObject","inLanguage":"en-EN","@id":"https:\/\/mdra.nl\/pride-berlijn-een-moment-van-stilte-een-moment-van-reflectie\/#primaryimage","url":"https:\/\/mdra.nl\/wp-content\/uploads\/2026\/07\/2026-07-27-Statement-Berlijn-Website.jpg","contentUrl":"https:\/\/mdra.nl\/wp-content\/uploads\/2026\/07\/2026-07-27-Statement-Berlijn-Website.jpg","width":1920,"height":1080,"caption":"Pride Berlijn: Een moment van stilte. Een moment van reflectie."},{"@type":"BreadcrumbList","@id":"https:\/\/mdra.nl\/pride-berlijn-een-moment-van-stilte-een-moment-van-reflectie\/#breadcrumb","itemListElement":[{"@type":"ListItem","position":1,"name":"Home","item":"https:\/\/mdra.nl\/"},{"@type":"ListItem","position":2,"name":"Pride Berlijn: Een moment van stilte. Een moment van reflectie."}]},{"@type":"WebSite","@id":"https:\/\/mdra.nl\/#website","url":"https:\/\/mdra.nl\/","name":"Discriminatie Regio Amsterdam","description":"Discriminated against. And now?","publisher":{"@id":"https:\/\/mdra.nl\/#organization"},"alternateName":"DRA","potentialAction":[{"@type":"SearchAction","target":{"@type":"EntryPoint","urlTemplate":"https:\/\/mdra.nl\/?s={search_term_string}"},"query-input":{"@type":"PropertyValueSpecification","valueRequired":true,"valueName":"search_term_string"}}],"inLanguage":"en-EN"},{"@type":"Organization","@id":"https:\/\/mdra.nl\/#organization","name":"Discriminatie Regio Amsterdam","url":"https:\/\/mdra.nl\/","logo":{"@type":"ImageObject","inLanguage":"en-EN","@id":"https:\/\/mdra.nl\/#\/schema\/logo\/image\/","url":"https:\/\/mdra.nl\/wp-content\/uploads\/2019\/11\/Discriminatie.nl-Logo-Regio-Regio-Amsterdam.svg","contentUrl":"https:\/\/mdra.nl\/wp-content\/uploads\/2019\/11\/Discriminatie.nl-Logo-Regio-Regio-Amsterdam.svg","width":510,"height":152,"caption":"Discriminatie Regio Amsterdam"},"image":{"@id":"https:\/\/mdra.nl\/#\/schema\/logo\/image\/"},"sameAs":["https:\/\/www.facebook.com\/discriminatie020","https:\/\/x.com\/discriminatie02","https:\/\/www.tiktok.com\/@discriminatie020","https:\/\/www.youtube.com\/@discriminatie020","https:\/\/instagram.com\/discriminatie020"]},{"@type":"Person","@id":"https:\/\/mdra.nl\/#\/schema\/person\/37efec7ea45e6312aff457e1876066c2","name":"Tom de Wit","url":"https:\/\/mdra.nl\/en\/author\/tombeheer\/"}]}},"_links":{"self":[{"href":"https:\/\/mdra.nl\/en\/wp-json\/wp\/v2\/posts\/3726","targetHints":{"allow":["GET"]}}],"collection":[{"href":"https:\/\/mdra.nl\/en\/wp-json\/wp\/v2\/posts"}],"about":[{"href":"https:\/\/mdra.nl\/en\/wp-json\/wp\/v2\/types\/post"}],"author":[{"embeddable":true,"href":"https:\/\/mdra.nl\/en\/wp-json\/wp\/v2\/users\/12"}],"replies":[{"embeddable":true,"href":"https:\/\/mdra.nl\/en\/wp-json\/wp\/v2\/comments?post=3726"}],"version-history":[{"count":1,"href":"https:\/\/mdra.nl\/en\/wp-json\/wp\/v2\/posts\/3726\/revisions"}],"predecessor-version":[{"id":3728,"href":"https:\/\/mdra.nl\/en\/wp-json\/wp\/v2\/posts\/3726\/revisions\/3728"}],"wp:featuredmedia":[{"embeddable":true,"href":"https:\/\/mdra.nl\/en\/wp-json\/wp\/v2\/media\/3727"}],"wp:attachment":[{"href":"https:\/\/mdra.nl\/en\/wp-json\/wp\/v2\/media?parent=3726"}],"wp:term":[{"taxonomy":"category","embeddable":true,"href":"https:\/\/mdra.nl\/en\/wp-json\/wp\/v2\/categories?post=3726"},{"taxonomy":"post_tag","embeddable":true,"href":"https:\/\/mdra.nl\/en\/wp-json\/wp\/v2\/tags?post=3726"}],"curies":[{"name":"wp","href":"https:\/\/api.w.org\/{rel}","templated":true}]}}