{"id":1461,"date":"2021-01-20T14:59:02","date_gmt":"2021-01-20T13:59:02","guid":{"rendered":"https:\/\/mdra.nl\/?p=1461"},"modified":"2021-01-20T15:19:59","modified_gmt":"2021-01-20T14:19:59","slug":"vista-del-procedimiento-del-articulo-12-sobre-corona-song-radio-10","status":"publish","type":"post","link":"https:\/\/mdra.nl\/es\/hoorzitting-artikel-12-procedure-inzake-corona-lied-radio-10\/","title":{"rendered":"VISTA DEL PROCEDIMIENTO DEL ART\u00cdCULO 12 SOBRE CORONA SONG RADIO 10"},"content":{"rendered":"<p>Antiasi\u00e1tico\nracismo colectivo escuchado hasta ahora <\/p>\n\n\n\n<p><strong>Hace casi un a\u00f1o\nHace casi un a\u00f1o, Radio 10 emiti\u00f3 una canci\u00f3n supuestamente sat\u00edrica con la letra\nLa prevenci\u00f3n es mejor que la china\". La fiscal\u00eda desestim\u00f3 el caso\nrelativo a la canci\u00f3n corona de Radio 10 en junio, a pesar de los numerosos informes y denuncias.\nSe dar\u00e1 audiencia a un colectivo contra el racismo antiasi\u00e1tico tras el Art\u00edculo 12\nprocedimiento el pr\u00f3ximo mi\u00e9rcoles 20 de enero de 2021, a\u00fan tiene la oportunidad de presentar su versi\u00f3n de los hechos ante el Tribunal de Apelaci\u00f3n\n\u00c1msterdam para contar su versi\u00f3n de los hechos y forzar el enjuiciamiento.\n<\/strong><\/p>\n\n\n\n<p><strong>Canci\u00f3n impugnada <\/strong><\/p>\n\n\n\n<p>Hace casi un a\u00f1o\nHace casi un a\u00f1o, cada vez m\u00e1s neerlandeses de origen asi\u00e1tico fueron objeto de \"chistes sobre la corona\".\ny el sentimiento antiasi\u00e1tico en los Pa\u00edses Bajos creci\u00f3 a la velocidad del rayo. A pesar de la\nmoci\u00f3n de Ellemeet C.S. que se pronunciaba espec\u00edficamente contra la discriminaci\u00f3n\ncontra la discriminaci\u00f3n asi\u00e1tica en COVID-19, Radio 10 emiti\u00f3 una canci\u00f3n supuestamente sat\u00edrica.\ncanci\u00f3n con intenci\u00f3n sat\u00edrica. Siguieron decenas de informes y denuncias a la\npolic\u00eda, as\u00ed como m\u00e1s de tres mil denuncias a los servicios de lucha contra la discriminaci\u00f3n a trav\u00e9s del sitio web nacional\nde Disrimination.nl. Tambi\u00e9n\nm\u00e1s de 60.000 personas firmaron la petici\u00f3n \"No somos virus\" a ra\u00edz de esta canci\u00f3n.\nresultado de esta canci\u00f3n. <\/p>\n\n\n\n<p><strong>Audiencia 20\n20 de enero de 2021 a las 10.30 horas<\/strong><\/p>\n\n\n\n<p>El colectivo\ninici\u00f3 el procedimiento del art\u00edculo 12 el pasado agosto, despu\u00e9s de que la fiscal\u00eda\nMinisterio desestim\u00f3 el caso. El Tribunal de Apelaci\u00f3n de \u00c1msterdam invita al colectivo\na presentar su\nhistoria. El colectivo, formado por Asian Raisins, Pan Asian\nOut &amp; Abroad y los servicios de lucha contra la discriminaci\u00f3n RADAR y\nMeldpunt Discriminatie Regio Amsterdam y la asociaci\u00f3n nacional contra la\ndiscriminaci\u00f3n Discriminatie.nl.  Contar\u00e1n con la\nEl profesor Tom Zwart, del Centro Intercultural de Derechos Humanos, les asistir\u00e1.\nMa\u00f1ana estar\u00e1 presente un peque\u00f1o comit\u00e9. Wei-Lun Lam, de Asian Raisins\nhablar\u00e1 en ella.<\/p>\n\n\n\n<p><strong>Satisfecho con\naudici\u00f3n<\/strong><\/p>\n\n\n\n<p>\"Estamos encantados\ntengamos la oportunidad de hacer o\u00edr que esta canci\u00f3n 'cruza una l\u00ednea' que ha\nherido a mucha gente. Que no todos los chistes tienen gracia\", indica Hui-Hui Pan, del\nColectivo Panasi\u00e1tico. Wei-Lun Lam, de Asian Raisins, contin\u00faa. \"Por esa raz\u00f3n\nlanzamos la campa\u00f1a 'It's just a joke' but #iklachniet para crear conciencia a trav\u00e9s de\ncrear conciencia a trav\u00e9s del arte\". Parte de esta\ncampa\u00f1a comunitaria consiste en utilizar ilustraciones y fotos para compartir historias\ncompartir sobre el impacto negativo de las llamadas\nbromas. <\/p>","protected":false},"excerpt":{"rendered":"<p>Anti-Aziatisch racisme collectief alsnog gehoord Bijna een jaar geleden zond Radio 10 een zogenaamd satirisch bedoeld lied uit met de tekst \u2018Voorkomen is beter dan Chinezen\u2019. Het Openbaar Ministerie seponeerde de zaak inzake het radio 10 coronalied in juni ondanks de vele meldingen en aangiftes. Een collectief tegen anti-Aziatisch racisme krijgt n.a.v. de artikel 12 [&hellip;]<\/p>\n","protected":false},"author":5,"featured_media":1463,"comment_status":"open","ping_status":"open","sticky":false,"template":"","format":"standard","meta":{"site-sidebar-layout":"default","site-content-layout":"default","ast-site-content-layout":"default","site-content-style":"default","site-sidebar-style":"default","ast-global-header-display":"","ast-banner-title-visibility":"","ast-main-header-display":"","ast-hfb-above-header-display":"","ast-hfb-below-header-display":"","ast-hfb-mobile-header-display":"","site-post-title":"","ast-breadcrumbs-content":"","ast-featured-img":"","footer-sml-layout":"","ast-disable-related-posts":"","theme-transparent-header-meta":"default","adv-header-id-meta":"","stick-header-meta":"","header-above-stick-meta":"","header-main-stick-meta":"","header-below-stick-meta":"","astra-migrate-meta-layouts":"default","ast-page-background-enabled":"default","ast-page-background-meta":{"desktop":{"background-color":"","background-image":"","background-repeat":"repeat","background-position":"center center","background-size":"auto","background-attachment":"scroll","background-type":"","background-media":"","overlay-type":"","overlay-color":"","overlay-opacity":"","overlay-gradient":""},"tablet":{"background-color":"","background-image":"","background-repeat":"repeat","background-position":"center center","background-size":"auto","background-attachment":"scroll","background-type":"","background-media":"","overlay-type":"","overlay-color":"","overlay-opacity":"","overlay-gradient":""},"mobile":{"background-color":"","background-image":"","background-repeat":"repeat","background-position":"center center","background-size":"auto","background-attachment":"scroll","background-type":"","background-media":"","overlay-type":"","overlay-color":"","overlay-opacity":"","overlay-gradient":""}},"ast-content-background-meta":{"desktop":{"background-color":"var(--ast-global-color-5)","background-image":"","background-repeat":"repeat","background-position":"center center","background-size":"auto","background-attachment":"scroll","background-type":"","background-media":"","overlay-type":"","overlay-color":"","overlay-opacity":"","overlay-gradient":""},"tablet":{"background-color":"var(--ast-global-color-5)","background-image":"","background-repeat":"repeat","background-position":"center center","background-size":"auto","background-attachment":"scroll","background-type":"","background-media":"","overlay-type":"","overlay-color":"","overlay-opacity":"","overlay-gradient":""},"mobile":{"background-color":"var(--ast-global-color-5)","background-image":"","background-repeat":"repeat","background-position":"center center","background-size":"auto","background-attachment":"scroll","background-type":"","background-media":"","overlay-type":"","overlay-color":"","overlay-opacity":"","overlay-gradient":""}},"footnotes":""},"categories":[1],"tags":[],"class_list":["post-1461","post","type-post","status-publish","format-standard","has-post-thumbnail","hentry","category-nieuws"],"_links":{"self":[{"href":"https:\/\/mdra.nl\/es\/wp-json\/wp\/v2\/posts\/1461","targetHints":{"allow":["GET"]}}],"collection":[{"href":"https:\/\/mdra.nl\/es\/wp-json\/wp\/v2\/posts"}],"about":[{"href":"https:\/\/mdra.nl\/es\/wp-json\/wp\/v2\/types\/post"}],"author":[{"embeddable":true,"href":"https:\/\/mdra.nl\/es\/wp-json\/wp\/v2\/users\/5"}],"replies":[{"embeddable":true,"href":"https:\/\/mdra.nl\/es\/wp-json\/wp\/v2\/comments?post=1461"}],"version-history":[{"count":1,"href":"https:\/\/mdra.nl\/es\/wp-json\/wp\/v2\/posts\/1461\/revisions"}],"predecessor-version":[{"id":1462,"href":"https:\/\/mdra.nl\/es\/wp-json\/wp\/v2\/posts\/1461\/revisions\/1462"}],"wp:featuredmedia":[{"embeddable":true,"href":"https:\/\/mdra.nl\/es\/wp-json\/wp\/v2\/media\/1463"}],"wp:attachment":[{"href":"https:\/\/mdra.nl\/es\/wp-json\/wp\/v2\/media?parent=1461"}],"wp:term":[{"taxonomy":"category","embeddable":true,"href":"https:\/\/mdra.nl\/es\/wp-json\/wp\/v2\/categories?post=1461"},{"taxonomy":"post_tag","embeddable":true,"href":"https:\/\/mdra.nl\/es\/wp-json\/wp\/v2\/tags?post=1461"}],"curies":[{"name":"wp","href":"https:\/\/api.w.org\/{rel}","templated":true}]}}