{"id":1245,"date":"2019-12-13T14:34:04","date_gmt":"2019-12-13T13:34:04","guid":{"rendered":"https:\/\/mdra.nl\/nieuwe-bestuursleden-meldpunt-discriminatie-regio-amsterdam\/"},"modified":"2019-12-13T14:34:04","modified_gmt":"2019-12-13T13:34:04","slug":"yeni%cc%87-yoneti%cc%87m-kurulu-uyeleri%cc%87-ayrimcilik-yardim-hatti-amsterdam-bolgesi%cc%87","status":"publish","type":"post","link":"https:\/\/mdra.nl\/tr\/nieuwe-bestuursleden-meldpunt-discriminatie-regio-amsterdam\/","title":{"rendered":"Yeni y\u00f6netim kurulu \u00fcyeleri Meldpunt Discriminatie Regio Amsterdam"},"content":{"rendered":"<p>Jos\u00e9 Komen ve Carina van Eck, 11 Aral\u0131k'tan itibaren Ayr\u0131mc\u0131l\u0131kla M\u00fccadele Hatt\u0131'n\u0131n denetim kurulunda yer alacak. Denise Eikelenboom bu y\u0131l\u0131n Haziran ay\u0131nda kurula kat\u0131lm\u0131\u015ft\u0131. Y\u00f6netim Kurulu Ba\u015fkan\u0131 Jacobien Vreekamp: \"Herkesin bireysel bilgi ve uzmanl\u0131\u011f\u0131ndan ve bu \u00fc\u00e7 y\u00f6netim kurulu \u00fcyesinin kuruma getirece\u011fi takviyeden \u00e7ok memnunum.\"<\/p>\n\n<p>Jos\u00e9 Komen, di\u011fer g\u00f6revlerinin yan\u0131 s\u0131ra, UvA'ya ba\u011fl\u0131 Amsterdam Sosyal Bilimler Ara\u015ft\u0131rma Enstit\u00fcs\u00fc'n\u00fcn kurucusu ve uzun y\u0131llar i\u015fletme m\u00fcd\u00fcr\u00fc olarak g\u00f6rev yapm\u0131\u015ft\u0131r. Kendisi ayn\u0131 zamanda Dress for Success'in y\u00f6netim kurulu \u00fcyesidir. Carina van Eck, Adalet Bakanl\u0131\u011f\u0131, Ter\u00f6rle M\u00fccadele Ulusal Koordinat\u00f6rl\u00fc\u011f\u00fc ve UNHCR'deki \u00f6nceki g\u00f6revlerinin ard\u0131ndan son y\u0131llarda \u0130nsan Haklar\u0131 Kurulu \u00fcyesi olarak aktif g\u00f6rev alm\u0131\u015ft\u0131r. Halen Amsterdam B\u00f6lge Mahkemesi'nde ceza hukuku alan\u0131nda hakim yard\u0131mc\u0131s\u0131 olarak g\u00f6rev yapmaktad\u0131r.\u00a0<\/p>\n\n<p>Eikelenboom bir havac\u0131l\u0131k giri\u015fimcisidir. Kariyerine Kraliyet Donanmas\u0131'nda ba\u015flam\u0131\u015f ve burada ilk kad\u0131n helikopter pilotu olmu\u015ftur. 1 Eyl\u00fcl'den bu yana saymanl\u0131k g\u00f6revini, halen direkt\u00f6rl\u00fck g\u00f6revini y\u00fcr\u00fcten Vincent Verkoelen'den devralm\u0131\u015ft\u0131r.\u00a0<\/p>\n\n<p>Y\u00f6netim kurulunda ayr\u0131ca Amsterdam VU \u00dcniversitesi'nden reklamc\u0131 ve kriminolog Marc Schuilenburg ile The Black Archives'\u0131n kurucusu Mitchell Esajas da yer al\u0131yor.<\/p>","protected":false},"excerpt":{"rendered":"<p>Vanaf 11 december maken Jos\u00e9 Komen en Carina van Eck deel uit van het toezichthoudend bestuur van het Meldpunt Discriminatie. In juni van dit jaar trad Denise Eikelenboom al toe tot het bestuur. Bestuursvoorzitter Jacobien Vreekamp: \u201cIk ben zeer verheugd met ieders afzonderlijke kennis en expertise en de versterking die deze drie bestuursleden aan de [&hellip;]<\/p>\n","protected":false},"author":1,"featured_media":1243,"comment_status":"open","ping_status":"open","sticky":false,"template":"","format":"standard","meta":{"site-sidebar-layout":"default","site-content-layout":"default","ast-site-content-layout":"default","site-content-style":"default","site-sidebar-style":"default","ast-global-header-display":"","ast-banner-title-visibility":"","ast-main-header-display":"","ast-hfb-above-header-display":"","ast-hfb-below-header-display":"","ast-hfb-mobile-header-display":"","site-post-title":"","ast-breadcrumbs-content":"","ast-featured-img":"","footer-sml-layout":"","ast-disable-related-posts":"","theme-transparent-header-meta":"default","adv-header-id-meta":"","stick-header-meta":"","header-above-stick-meta":"","header-main-stick-meta":"","header-below-stick-meta":"","astra-migrate-meta-layouts":"default","ast-page-background-enabled":"default","ast-page-background-meta":{"desktop":{"background-color":"","background-image":"","background-repeat":"repeat","background-position":"center center","background-size":"auto","background-attachment":"scroll","background-type":"","background-media":"","overlay-type":"","overlay-color":"","overlay-opacity":"","overlay-gradient":""},"tablet":{"background-color":"","background-image":"","background-repeat":"repeat","background-position":"center center","background-size":"auto","background-attachment":"scroll","background-type":"","background-media":"","overlay-type":"","overlay-color":"","overlay-opacity":"","overlay-gradient":""},"mobile":{"background-color":"","background-image":"","background-repeat":"repeat","background-position":"center center","background-size":"auto","background-attachment":"scroll","background-type":"","background-media":"","overlay-type":"","overlay-color":"","overlay-opacity":"","overlay-gradient":""}},"ast-content-background-meta":{"desktop":{"background-color":"var(--ast-global-color-5)","background-image":"","background-repeat":"repeat","background-position":"center center","background-size":"auto","background-attachment":"scroll","background-type":"","background-media":"","overlay-type":"","overlay-color":"","overlay-opacity":"","overlay-gradient":""},"tablet":{"background-color":"var(--ast-global-color-5)","background-image":"","background-repeat":"repeat","background-position":"center center","background-size":"auto","background-attachment":"scroll","background-type":"","background-media":"","overlay-type":"","overlay-color":"","overlay-opacity":"","overlay-gradient":""},"mobile":{"background-color":"var(--ast-global-color-5)","background-image":"","background-repeat":"repeat","background-position":"center center","background-size":"auto","background-attachment":"scroll","background-type":"","background-media":"","overlay-type":"","overlay-color":"","overlay-opacity":"","overlay-gradient":""}},"footnotes":""},"categories":[1],"tags":[],"class_list":["post-1245","post","type-post","status-publish","format-standard","has-post-thumbnail","hentry","category-nieuws"],"_links":{"self":[{"href":"https:\/\/mdra.nl\/tr\/wp-json\/wp\/v2\/posts\/1245","targetHints":{"allow":["GET"]}}],"collection":[{"href":"https:\/\/mdra.nl\/tr\/wp-json\/wp\/v2\/posts"}],"about":[{"href":"https:\/\/mdra.nl\/tr\/wp-json\/wp\/v2\/types\/post"}],"author":[{"embeddable":true,"href":"https:\/\/mdra.nl\/tr\/wp-json\/wp\/v2\/users\/1"}],"replies":[{"embeddable":true,"href":"https:\/\/mdra.nl\/tr\/wp-json\/wp\/v2\/comments?post=1245"}],"version-history":[{"count":1,"href":"https:\/\/mdra.nl\/tr\/wp-json\/wp\/v2\/posts\/1245\/revisions"}],"predecessor-version":[{"id":1246,"href":"https:\/\/mdra.nl\/tr\/wp-json\/wp\/v2\/posts\/1245\/revisions\/1246"}],"wp:featuredmedia":[{"embeddable":true,"href":"https:\/\/mdra.nl\/tr\/wp-json\/wp\/v2\/media\/1243"}],"wp:attachment":[{"href":"https:\/\/mdra.nl\/tr\/wp-json\/wp\/v2\/media?parent=1245"}],"wp:term":[{"taxonomy":"category","embeddable":true,"href":"https:\/\/mdra.nl\/tr\/wp-json\/wp\/v2\/categories?post=1245"},{"taxonomy":"post_tag","embeddable":true,"href":"https:\/\/mdra.nl\/tr\/wp-json\/wp\/v2\/tags?post=1245"}],"curies":[{"name":"wp","href":"https:\/\/api.w.org\/{rel}","templated":true}]}}