{"id":2077,"date":"2023-03-01T15:41:45","date_gmt":"2023-03-01T14:41:45","guid":{"rendered":"https:\/\/mdra.nl\/?p=2077"},"modified":"2023-10-18T15:26:17","modified_gmt":"2023-10-18T13:26:17","slug":"drie-nieuwe-bestuursleden-bij-meldpunt-discriminatie-regio-amsterdam","status":"publish","type":"post","link":"https:\/\/mdra.nl\/tr\/drie-nieuwe-bestuursleden-bij-meldpunt-discriminatie-regio-amsterdam\/","title":{"rendered":"Meldpunt Discriminatie Regio Amsterdam'da \u00fc\u00e7 yeni y\u00f6netim kurulu \u00fcyesi"},"content":{"rendered":"<p>Het Meldpunt Discriminatie Regio Amsterdam (MDRA) heeft per 7 februari 2023 drie nieuwe bestuursleden ge\u00efnstalleerd: <br>Amber Kegel, Ismail \u015eim\u015fek en Elijah Alvares.<\/p>\n\n\n\n<p>Vanwege de afloop van de zittingstermijnen van enkele bestuursleden van het MDRA is via verschillende kanalen gezocht naar een nieuwe vertegenwoordiging van de inwoners van Amsterdam en omliggende gemeenten. Met de benoeming van de drie nieuwe bestuursleden zijn de verschillende expertises binnen het bestuur uitgebreid. Het MDRA is verheugd met de toetreding van deze drie bestuursleden. Het huidige bestuur kent daarmee, na de eerdere benoeming van een nieuwe voorzitter en secretaris in december 2022, acht bestuursleden.<\/p>\n\n\n\n<figure class=\"wp-block-gallery has-nested-images columns-default is-cropped wp-block-gallery-1 is-layout-flex wp-block-gallery-is-layout-flex\">\n<figure class=\"wp-block-image size-large\"><img decoding=\"async\" data-id=\"2094\" src=\"https:\/\/mdra.nl\/wp-content\/uploads\/2023\/06\/MDRA_Bestuur_02-23_-Amber_6083-3-819x1024.jpg\" alt=\"\" class=\"wp-image-2094\"\/><figcaption class=\"wp-element-caption\">Amber Kegel<\/figcaption><\/figure>\n\n\n\n<figure class=\"wp-block-image size-large\"><img decoding=\"async\" data-id=\"2096\" src=\"https:\/\/mdra.nl\/wp-content\/uploads\/2023\/06\/MDRA_Bestuur_02-23_-Ismail_h6015-2-819x1024.jpg\" alt=\"\" class=\"wp-image-2096\"\/><figcaption class=\"wp-element-caption\">Ismail <strong>\u015eim\u015fek<\/strong><\/figcaption><\/figure>\n\n\n\n<figure class=\"wp-block-image size-large\"><img decoding=\"async\" data-id=\"2092\" src=\"https:\/\/mdra.nl\/wp-content\/uploads\/2023\/06\/MDRA_Bestuur_02-23_Elijah_6167-2-819x1024.jpg\" alt=\"\" class=\"wp-image-2092\"\/><figcaption class=\"wp-element-caption\">Elijah Alvares<\/figcaption><\/figure>\n<\/figure>\n\n\n\n<p><\/p>\n\n\n\n<p><strong>Amber Kegel <\/strong>(Amsterdam, 1993) is onderzoeker arbeidsmarktdiscriminatie en psychosociale arbeidsbelasting bij de Nederlandse Arbeidsinspectie. Hiervoor zette zij zich als beleidsmedewerker bij het Ministerie van Sociale Zaken en Werkgelegenheid in voor kwetsbare groepen in de arbeidsmarkt. Binnen het ministerie is zij ook actief als ambassadeur Diversiteit &amp; Inclusiviteit, waarvoor zij in 2021 de prijs voor diversiteitsheld won. Tijdens haar studie in de Gezondheid- en Levenswetenschappen droeg zij bij aan verschillende wetenschappelijke publicaties gericht op gezondheidsverschillen. <br>Met haar wetenschappelijke achtergrond en ervaring bij de Rijksoverheid hoopt Amber zich als bestuurslid in te zetten voor problemen die raken aan haar kernwaarden: rechtvaardigheid, gelijkheid en gezondheid.<\/p>\n\n\n\n<p><strong>Ismail \u015eim\u015fek<\/strong> (Tarsus, 1969) is Managing Director bij GGZ-praktijk Terra Mental Health. Hij is van huis uit bestuurskundige. Ismail heeft bestuurlijke ervaring, onder meer als voorzitter bestuur Stichting Vrienden van de Parnassia groep en als bestuurslid bij Nederlands Migratie Instituut. Ismail is getrouwd en heeft drie kinderen. \u2018\u2019Mijn missie is, opkomen voor mensen die worden gediscrimineerd vanwege hun geloofsovertuiging, sekse, huidskleur, afkomst, leeftijd.\u2019\u2019<br><br><strong>Elijah Alvares<\/strong> (Amsterdam, 1997) is een ondernemende en praktijkgerichte bestuurskundige. Hij werkt als projectleider bij de Hogeschool van Amsterdam en heeft de opleidingen Onderwijsassistent en Bestuurskunde afgerond. Hij heeft bestuurlijke ervaring opgedaan binnen de vakbond, het onderwijs en verenigingspolitiek. Eerder werkte hij in het basisonderwijs en was hij stadsdeelcommissielid in Amsterdam-Noord. Alvares is door zijn multidisciplinaire achtergrond in staat om vanuit verschillende invalshoeken mee te werken aan pragmatische en duurzame strategie\u00ebn, met de mens centraal.<br>\u201cZoveel vraagstukken vandaag de dag komen voort uit onrechtvaardige beleidskeuzes en gebrek aan mensgericht werken.           Dit treft groepen in onze samenleving extra hard. Het MDRA vervult een essenti\u00eble rol op het snijvlak van dienstverlening,  kennis en belangenbehartiging.\u2019\u2019<br><br>Meldpunt Discriminatie Regio Amsterdam, ayr\u0131mc\u0131l\u0131\u011f\u0131 ele almak, \u00f6nlemek ve ayr\u0131mc\u0131l\u0131\u011f\u0131n alt\u0131nda yatan sosyal s\u00fcre\u00e7leri etkilemek amac\u0131yla kurulmu\u015f ba\u011f\u0131ms\u0131z bir vak\u0131ft\u0131r. MDRA'n\u0131n ayr\u0131mc\u0131l\u0131kla ilgili \u015fikayetleri kaydetmek, bunlar\u0131 ele almak ve \u00e7\u00f6z\u00fcm aramak gibi yasal bir g\u00f6revi vard\u0131r. MDRA, Amsterdam, Amstelveen, Aalsmeer, Diemen, Ouder-Amstel, Uithoorn belediyeleri ile Driemond ve Weesp kentsel b\u00f6lgelerinde ya\u015fayan herkes i\u00e7in vard\u0131r.<br><br>De zittingstermijn van de onbezoldigde bestuursleden is 3 jaar; men kan eventueel eenmaal herbenoemd worden voor eenzelfde periode.<\/p>\n\n\n\n<figure class=\"wp-block-image size-large\"><img decoding=\"async\" src=\"https:\/\/mdra.nl\/wp-content\/uploads\/2023\/06\/MDRA_Bestuur_02-23_6383-1024x683.jpg\" alt=\"\" class=\"wp-image-2101\"\/><figcaption class=\"wp-element-caption\">Het volledige bestuur (van links naar rechts): Ismail \u015eim\u015fek, Mark Schuilenburg, Elijah Alvares, Carina van Eck, Danny ten Veen, Hui Hui Pan, Dennis Boutkan en Amber Kegel. <\/figcaption><\/figure>","protected":false},"excerpt":{"rendered":"<p>Het Meldpunt Discriminatie Regio Amsterdam (MDRA) heeft per 7 februari 2023 drie nieuwe bestuursleden ge\u00efnstalleerd: Amber Kegel, Ismail \u015eim\u015fek en Elijah Alvares. Vanwege de afloop van de zittingstermijnen van enkele bestuursleden van het MDRA is via verschillende kanalen gezocht naar een nieuwe vertegenwoordiging van de inwoners van Amsterdam en omliggende gemeenten. Met de benoeming van [&hellip;]<\/p>\n","protected":false},"author":5,"featured_media":2487,"comment_status":"open","ping_status":"open","sticky":false,"template":"","format":"standard","meta":{"site-sidebar-layout":"default","site-content-layout":"","ast-site-content-layout":"default","site-content-style":"default","site-sidebar-style":"default","ast-global-header-display":"","ast-banner-title-visibility":"","ast-main-header-display":"","ast-hfb-above-header-display":"","ast-hfb-below-header-display":"","ast-hfb-mobile-header-display":"","site-post-title":"","ast-breadcrumbs-content":"","ast-featured-img":"","footer-sml-layout":"","ast-disable-related-posts":"","theme-transparent-header-meta":"","adv-header-id-meta":"","stick-header-meta":"","header-above-stick-meta":"","header-main-stick-meta":"","header-below-stick-meta":"","astra-migrate-meta-layouts":"set","ast-page-background-enabled":"default","ast-page-background-meta":{"desktop":{"background-color":"","background-image":"","background-repeat":"repeat","background-position":"center center","background-size":"auto","background-attachment":"scroll","background-type":"","background-media":"","overlay-type":"","overlay-color":"","overlay-opacity":"","overlay-gradient":""},"tablet":{"background-color":"","background-image":"","background-repeat":"repeat","background-position":"center center","background-size":"auto","background-attachment":"scroll","background-type":"","background-media":"","overlay-type":"","overlay-color":"","overlay-opacity":"","overlay-gradient":""},"mobile":{"background-color":"","background-image":"","background-repeat":"repeat","background-position":"center center","background-size":"auto","background-attachment":"scroll","background-type":"","background-media":"","overlay-type":"","overlay-color":"","overlay-opacity":"","overlay-gradient":""}},"ast-content-background-meta":{"desktop":{"background-color":"var(--ast-global-color-5)","background-image":"","background-repeat":"repeat","background-position":"center center","background-size":"auto","background-attachment":"scroll","background-type":"","background-media":"","overlay-type":"","overlay-color":"","overlay-opacity":"","overlay-gradient":""},"tablet":{"background-color":"var(--ast-global-color-5)","background-image":"","background-repeat":"repeat","background-position":"center center","background-size":"auto","background-attachment":"scroll","background-type":"","background-media":"","overlay-type":"","overlay-color":"","overlay-opacity":"","overlay-gradient":""},"mobile":{"background-color":"var(--ast-global-color-5)","background-image":"","background-repeat":"repeat","background-position":"center center","background-size":"auto","background-attachment":"scroll","background-type":"","background-media":"","overlay-type":"","overlay-color":"","overlay-opacity":"","overlay-gradient":""}},"footnotes":""},"categories":[1],"tags":[],"class_list":["post-2077","post","type-post","status-publish","format-standard","has-post-thumbnail","hentry","category-nieuws"],"_links":{"self":[{"href":"https:\/\/mdra.nl\/tr\/wp-json\/wp\/v2\/posts\/2077","targetHints":{"allow":["GET"]}}],"collection":[{"href":"https:\/\/mdra.nl\/tr\/wp-json\/wp\/v2\/posts"}],"about":[{"href":"https:\/\/mdra.nl\/tr\/wp-json\/wp\/v2\/types\/post"}],"author":[{"embeddable":true,"href":"https:\/\/mdra.nl\/tr\/wp-json\/wp\/v2\/users\/5"}],"replies":[{"embeddable":true,"href":"https:\/\/mdra.nl\/tr\/wp-json\/wp\/v2\/comments?post=2077"}],"version-history":[{"count":1,"href":"https:\/\/mdra.nl\/tr\/wp-json\/wp\/v2\/posts\/2077\/revisions"}],"predecessor-version":[{"id":2488,"href":"https:\/\/mdra.nl\/tr\/wp-json\/wp\/v2\/posts\/2077\/revisions\/2488"}],"wp:featuredmedia":[{"embeddable":true,"href":"https:\/\/mdra.nl\/tr\/wp-json\/wp\/v2\/media\/2487"}],"wp:attachment":[{"href":"https:\/\/mdra.nl\/tr\/wp-json\/wp\/v2\/media?parent=2077"}],"wp:term":[{"taxonomy":"category","embeddable":true,"href":"https:\/\/mdra.nl\/tr\/wp-json\/wp\/v2\/categories?post=2077"},{"taxonomy":"post_tag","embeddable":true,"href":"https:\/\/mdra.nl\/tr\/wp-json\/wp\/v2\/tags?post=2077"}],"curies":[{"name":"wp","href":"https:\/\/api.w.org\/{rel}","templated":true}]}}