{"id":3268,"date":"2025-07-31T16:27:56","date_gmt":"2025-07-31T14:27:56","guid":{"rendered":"https:\/\/mdra.nl\/?p=3268"},"modified":"2025-07-31T16:30:52","modified_gmt":"2025-07-31T14:30:52","slug":"terugblik-pride-viering-in-amsterdam-oost","status":"publish","type":"post","link":"https:\/\/mdra.nl\/tr\/terugblik-pride-viering-in-amsterdam-oost\/","title":{"rendered":"\ud83c\udff3\ufe0f\u200d\ud83c\udf08 Terugblik: PRIDE viering in Amsterdam-Oost! \ud83c\udff3\ufe0f\u200d\ud83c\udf08"},"content":{"rendered":"<p class=\"wp-block-paragraph\">30 Juli 2025 was het Javaplein in Amsterdam Oost het toneel voor een enthousiaste en feestelijke PRIDE viering en wij mochten daar een onderdeel van uitmaken.<\/p>\n\n\n\n<p class=\"wp-block-paragraph\">PRIDE vieren is en blijft van groot belang. <strong><a href=\"https:\/\/www.instagram.com\/allekleurenoost\/\">@allekleurenoost <\/a><\/strong>heeft wederom een feestelijk en goed georganiseerd festival opgezet om het belang van PRIDE te belichten. Dit resulteerde in een vol programma met muziek, dans, spoken word, DJ&#8217;s, theater en nog veel meer.<\/p>\n\n\n\n<p class=\"wp-block-paragraph\">Het was mooi om hierbij aanwezig te mogen zijn vanwege de goede sfeer, maar we waren er natuurlijk vooral om duidelijk te maken dat wij er voor iedereen die met discriminatie te maken heeft (gehad) zijn en hoe we kunnen helpen om de situatie aan te pakken en te verbeteren.<\/p>\n\n\n\n<p class=\"wp-block-paragraph\">Iedereen moet zichzelf kunnen zijn ongeacht hun seksuele identiteit. Daar staan wij voor!<\/p>\n\n\n\n<figure class=\"wp-block-gallery has-nested-images columns-default is-cropped wp-block-gallery-1 is-layout-flex wp-block-gallery-is-layout-flex\">\n<figure class=\"wp-block-image size-large\"><a href=\"https:\/\/mdra.nl\/wp-content\/uploads\/2025\/07\/2025-07-31-Pride-Oost-slide-1.jpg\"><img fetchpriority=\"high\" decoding=\"async\" width=\"1024\" height=\"1024\" data-id=\"3270\" src=\"https:\/\/mdra.nl\/wp-content\/uploads\/2025\/07\/2025-07-31-Pride-Oost-slide-1-1024x1024.jpg\" alt=\"\" class=\"wp-image-3270\" srcset=\"https:\/\/mdra.nl\/wp-content\/uploads\/2025\/07\/2025-07-31-Pride-Oost-slide-1-1024x1024.jpg 1024w, https:\/\/mdra.nl\/wp-content\/uploads\/2025\/07\/2025-07-31-Pride-Oost-slide-1-300x300.jpg 300w, https:\/\/mdra.nl\/wp-content\/uploads\/2025\/07\/2025-07-31-Pride-Oost-slide-1-150x150.jpg 150w, https:\/\/mdra.nl\/wp-content\/uploads\/2025\/07\/2025-07-31-Pride-Oost-slide-1-768x768.jpg 768w, https:\/\/mdra.nl\/wp-content\/uploads\/2025\/07\/2025-07-31-Pride-Oost-slide-1-12x12.jpg 12w, https:\/\/mdra.nl\/wp-content\/uploads\/2025\/07\/2025-07-31-Pride-Oost-slide-1.jpg 1080w\" sizes=\"(max-width: 1024px) 100vw, 1024px\" \/><\/a><\/figure>\n\n\n\n<figure class=\"wp-block-image size-large\"><a href=\"https:\/\/mdra.nl\/wp-content\/uploads\/2025\/07\/2025-07-31-Pride-Oost-slide-2.jpg\"><img decoding=\"async\" width=\"1024\" height=\"1024\" data-id=\"3271\" src=\"https:\/\/mdra.nl\/wp-content\/uploads\/2025\/07\/2025-07-31-Pride-Oost-slide-2-1024x1024.jpg\" alt=\"\" class=\"wp-image-3271\" srcset=\"https:\/\/mdra.nl\/wp-content\/uploads\/2025\/07\/2025-07-31-Pride-Oost-slide-2-1024x1024.jpg 1024w, https:\/\/mdra.nl\/wp-content\/uploads\/2025\/07\/2025-07-31-Pride-Oost-slide-2-300x300.jpg 300w, https:\/\/mdra.nl\/wp-content\/uploads\/2025\/07\/2025-07-31-Pride-Oost-slide-2-150x150.jpg 150w, https:\/\/mdra.nl\/wp-content\/uploads\/2025\/07\/2025-07-31-Pride-Oost-slide-2-768x768.jpg 768w, https:\/\/mdra.nl\/wp-content\/uploads\/2025\/07\/2025-07-31-Pride-Oost-slide-2-12x12.jpg 12w, https:\/\/mdra.nl\/wp-content\/uploads\/2025\/07\/2025-07-31-Pride-Oost-slide-2.jpg 1080w\" sizes=\"(max-width: 1024px) 100vw, 1024px\" \/><\/a><\/figure>\n\n\n\n<figure class=\"wp-block-image size-large\"><a href=\"https:\/\/mdra.nl\/wp-content\/uploads\/2025\/07\/2025-07-31-Pride-Oost-slide-3.jpg\"><img decoding=\"async\" width=\"1024\" height=\"1024\" data-id=\"3274\" src=\"https:\/\/mdra.nl\/wp-content\/uploads\/2025\/07\/2025-07-31-Pride-Oost-slide-3-1024x1024.jpg\" alt=\"\" class=\"wp-image-3274\" srcset=\"https:\/\/mdra.nl\/wp-content\/uploads\/2025\/07\/2025-07-31-Pride-Oost-slide-3-1024x1024.jpg 1024w, https:\/\/mdra.nl\/wp-content\/uploads\/2025\/07\/2025-07-31-Pride-Oost-slide-3-300x300.jpg 300w, https:\/\/mdra.nl\/wp-content\/uploads\/2025\/07\/2025-07-31-Pride-Oost-slide-3-150x150.jpg 150w, https:\/\/mdra.nl\/wp-content\/uploads\/2025\/07\/2025-07-31-Pride-Oost-slide-3-768x768.jpg 768w, https:\/\/mdra.nl\/wp-content\/uploads\/2025\/07\/2025-07-31-Pride-Oost-slide-3-12x12.jpg 12w, https:\/\/mdra.nl\/wp-content\/uploads\/2025\/07\/2025-07-31-Pride-Oost-slide-3.jpg 1080w\" sizes=\"(max-width: 1024px) 100vw, 1024px\" \/><\/a><\/figure>\n\n\n\n<figure class=\"wp-block-image size-large\"><a href=\"https:\/\/mdra.nl\/wp-content\/uploads\/2025\/07\/2025-07-31-Pride-Oost-slide-4.jpg\"><img loading=\"lazy\" decoding=\"async\" width=\"1024\" height=\"1024\" data-id=\"3272\" src=\"https:\/\/mdra.nl\/wp-content\/uploads\/2025\/07\/2025-07-31-Pride-Oost-slide-4-1024x1024.jpg\" alt=\"\" class=\"wp-image-3272\" srcset=\"https:\/\/mdra.nl\/wp-content\/uploads\/2025\/07\/2025-07-31-Pride-Oost-slide-4-1024x1024.jpg 1024w, https:\/\/mdra.nl\/wp-content\/uploads\/2025\/07\/2025-07-31-Pride-Oost-slide-4-300x300.jpg 300w, https:\/\/mdra.nl\/wp-content\/uploads\/2025\/07\/2025-07-31-Pride-Oost-slide-4-150x150.jpg 150w, https:\/\/mdra.nl\/wp-content\/uploads\/2025\/07\/2025-07-31-Pride-Oost-slide-4-768x768.jpg 768w, https:\/\/mdra.nl\/wp-content\/uploads\/2025\/07\/2025-07-31-Pride-Oost-slide-4-12x12.jpg 12w, https:\/\/mdra.nl\/wp-content\/uploads\/2025\/07\/2025-07-31-Pride-Oost-slide-4.jpg 1080w\" sizes=\"(max-width: 1024px) 100vw, 1024px\" \/><\/a><\/figure>\n\n\n\n<figure class=\"wp-block-image size-large\"><a href=\"https:\/\/mdra.nl\/wp-content\/uploads\/2025\/07\/2025-07-31-Pride-Oost-slide-5.jpg\"><img loading=\"lazy\" decoding=\"async\" width=\"1024\" height=\"1024\" data-id=\"3273\" src=\"https:\/\/mdra.nl\/wp-content\/uploads\/2025\/07\/2025-07-31-Pride-Oost-slide-5-1024x1024.jpg\" alt=\"\" class=\"wp-image-3273\" srcset=\"https:\/\/mdra.nl\/wp-content\/uploads\/2025\/07\/2025-07-31-Pride-Oost-slide-5-1024x1024.jpg 1024w, https:\/\/mdra.nl\/wp-content\/uploads\/2025\/07\/2025-07-31-Pride-Oost-slide-5-300x300.jpg 300w, https:\/\/mdra.nl\/wp-content\/uploads\/2025\/07\/2025-07-31-Pride-Oost-slide-5-150x150.jpg 150w, https:\/\/mdra.nl\/wp-content\/uploads\/2025\/07\/2025-07-31-Pride-Oost-slide-5-768x768.jpg 768w, https:\/\/mdra.nl\/wp-content\/uploads\/2025\/07\/2025-07-31-Pride-Oost-slide-5-12x12.jpg 12w, https:\/\/mdra.nl\/wp-content\/uploads\/2025\/07\/2025-07-31-Pride-Oost-slide-5.jpg 1080w\" sizes=\"(max-width: 1024px) 100vw, 1024px\" \/><\/a><\/figure>\n<\/figure>\n\n\n\n<p class=\"wp-block-paragraph\"><\/p>\n\n\n\n<p class=\"wp-block-paragraph\">\ud83d\udc49 Woon jij in Amsterdam (Oost) of de regio en heb jij te maken (gehad) met racisme of discriminatie? Meld het bij Discriminatie.nl Regio Amsterdam. Wij luisteren, adviseren en zoeken samen naar een oplossing.<\/p>\n\n\n\n<p class=\"wp-block-paragraph\">\ud83d\udcf2 @discriminatie020<\/p>\n\n\n\n<p class=\"wp-block-paragraph\"><em>#prideoost #amsterdamoost #pride #020Inclusief #StopDiscriminatie&nbsp;#MeldHetWel<\/em><\/p>\n\n\n\n<p class=\"wp-block-paragraph\"><\/p>","protected":false},"excerpt":{"rendered":"<p>30 Juli 2025 was het Javaplein in Amsterdam Oost het toneel voor een enthousiaste en feestelijke PRIDE viering en wij mochten daar een onderdeel van uitmaken. PRIDE vieren is en blijft van groot belang. @allekleurenoost heeft wederom een feestelijk en goed georganiseerd festival opgezet om het belang van PRIDE te belichten. Dit resulteerde in een [&hellip;]<\/p>\n","protected":false},"author":12,"featured_media":3269,"comment_status":"open","ping_status":"open","sticky":false,"template":"","format":"standard","meta":{"site-sidebar-layout":"default","site-content-layout":"","ast-site-content-layout":"default","site-content-style":"default","site-sidebar-style":"default","ast-global-header-display":"","ast-banner-title-visibility":"","ast-main-header-display":"","ast-hfb-above-header-display":"","ast-hfb-below-header-display":"","ast-hfb-mobile-header-display":"","site-post-title":"","ast-breadcrumbs-content":"","ast-featured-img":"","footer-sml-layout":"","ast-disable-related-posts":"","theme-transparent-header-meta":"","adv-header-id-meta":"","stick-header-meta":"","header-above-stick-meta":"","header-main-stick-meta":"","header-below-stick-meta":"","astra-migrate-meta-layouts":"set","ast-page-background-enabled":"default","ast-page-background-meta":{"desktop":{"background-color":"","background-image":"","background-repeat":"repeat","background-position":"center center","background-size":"auto","background-attachment":"scroll","background-type":"","background-media":"","overlay-type":"","overlay-color":"","overlay-opacity":"","overlay-gradient":""},"tablet":{"background-color":"","background-image":"","background-repeat":"repeat","background-position":"center center","background-size":"auto","background-attachment":"scroll","background-type":"","background-media":"","overlay-type":"","overlay-color":"","overlay-opacity":"","overlay-gradient":""},"mobile":{"background-color":"","background-image":"","background-repeat":"repeat","background-position":"center center","background-size":"auto","background-attachment":"scroll","background-type":"","background-media":"","overlay-type":"","overlay-color":"","overlay-opacity":"","overlay-gradient":""}},"ast-content-background-meta":{"desktop":{"background-color":"var(--ast-global-color-5)","background-image":"","background-repeat":"repeat","background-position":"center center","background-size":"auto","background-attachment":"scroll","background-type":"","background-media":"","overlay-type":"","overlay-color":"","overlay-opacity":"","overlay-gradient":""},"tablet":{"background-color":"var(--ast-global-color-5)","background-image":"","background-repeat":"repeat","background-position":"center center","background-size":"auto","background-attachment":"scroll","background-type":"","background-media":"","overlay-type":"","overlay-color":"","overlay-opacity":"","overlay-gradient":""},"mobile":{"background-color":"var(--ast-global-color-5)","background-image":"","background-repeat":"repeat","background-position":"center center","background-size":"auto","background-attachment":"scroll","background-type":"","background-media":"","overlay-type":"","overlay-color":"","overlay-opacity":"","overlay-gradient":""}},"footnotes":""},"categories":[1],"tags":[],"class_list":["post-3268","post","type-post","status-publish","format-standard","has-post-thumbnail","hentry","category-nieuws"],"yoast_head":"<!-- This site is optimized with the Yoast SEO plugin v28.2 - https:\/\/yoast.com\/product\/yoast-seo-wordpress\/ -->\n<title>\ud83c\udff3\ufe0f\u200d\ud83c\udf08 Terugblik: PRIDE viering in Amsterdam-Oost! \ud83c\udff3\ufe0f\u200d\ud83c\udf08 | Meldpunt Discriminatie Regio Amsterdam<\/title>\n<meta name=\"robots\" content=\"index, follow, max-snippet:-1, max-image-preview:large, max-video-preview:-1\" \/>\n<link rel=\"canonical\" href=\"https:\/\/mdra.nl\/tr\/terugblik-pride-viering-in-amsterdam-oost\/\" \/>\n<meta property=\"og:locale\" content=\"tr_TR\" \/>\n<meta property=\"og:type\" content=\"article\" \/>\n<meta property=\"og:title\" content=\"\ud83c\udff3\ufe0f\u200d\ud83c\udf08 Terugblik: PRIDE viering in Amsterdam-Oost! \ud83c\udff3\ufe0f\u200d\ud83c\udf08 | Meldpunt Discriminatie Regio Amsterdam\" \/>\n<meta property=\"og:description\" content=\"30 Juli 2025 was het Javaplein in Amsterdam Oost het toneel voor een enthousiaste en feestelijke PRIDE viering en wij mochten daar een onderdeel van uitmaken. PRIDE vieren is en blijft van groot belang. @allekleurenoost heeft wederom een feestelijk en goed georganiseerd festival opgezet om het belang van PRIDE te belichten. Dit resulteerde in een [&hellip;]\" \/>\n<meta property=\"og:url\" content=\"https:\/\/mdra.nl\/tr\/terugblik-pride-viering-in-amsterdam-oost\/\" \/>\n<meta property=\"og:site_name\" content=\"Meldpunt Discriminatie Regio Amsterdam\" \/>\n<meta property=\"article:publisher\" content=\"https:\/\/www.facebook.com\/discriminatie020\" \/>\n<meta property=\"article:published_time\" content=\"2025-07-31T14:27:56+00:00\" \/>\n<meta property=\"article:modified_time\" content=\"2025-07-31T14:30:52+00:00\" \/>\n<meta property=\"og:image\" content=\"https:\/\/mdra.nl\/wp-content\/uploads\/2025\/07\/Websiteimage-4.jpg\" \/>\n\t<meta property=\"og:image:width\" content=\"1920\" \/>\n\t<meta property=\"og:image:height\" content=\"1080\" \/>\n\t<meta property=\"og:image:type\" content=\"image\/jpeg\" \/>\n<meta name=\"author\" content=\"Tom de Wit\" \/>\n<meta name=\"twitter:card\" content=\"summary_large_image\" \/>\n<meta name=\"twitter:creator\" content=\"@discriminatie02\" \/>\n<meta name=\"twitter:site\" content=\"@discriminatie02\" \/>\n<meta name=\"twitter:label1\" content=\"Yazan:\" \/>\n\t<meta name=\"twitter:data1\" content=\"Tom de Wit\" \/>\n\t<meta name=\"twitter:label2\" content=\"Tahmini okuma s\u00fcresi\" \/>\n\t<meta name=\"twitter:data2\" content=\"1 dakika\" \/>\n<script type=\"application\/ld+json\" class=\"yoast-schema-graph\">{\"@context\":\"https:\\\/\\\/schema.org\",\"@graph\":[{\"@type\":\"Article\",\"@id\":\"https:\\\/\\\/mdra.nl\\\/terugblik-pride-viering-in-amsterdam-oost\\\/#article\",\"isPartOf\":{\"@id\":\"https:\\\/\\\/mdra.nl\\\/terugblik-pride-viering-in-amsterdam-oost\\\/\"},\"author\":{\"name\":\"Tom de Wit\",\"@id\":\"https:\\\/\\\/mdra.nl\\\/#\\\/schema\\\/person\\\/37efec7ea45e6312aff457e1876066c2\"},\"headline\":\"\ud83c\udff3\ufe0f\u200d\ud83c\udf08 Terugblik: PRIDE viering in Amsterdam-Oost! \ud83c\udff3\ufe0f\u200d\ud83c\udf08\",\"datePublished\":\"2025-07-31T14:27:56+00:00\",\"dateModified\":\"2025-07-31T14:30:52+00:00\",\"mainEntityOfPage\":{\"@id\":\"https:\\\/\\\/mdra.nl\\\/terugblik-pride-viering-in-amsterdam-oost\\\/\"},\"wordCount\":177,\"commentCount\":0,\"publisher\":{\"@id\":\"https:\\\/\\\/mdra.nl\\\/#organization\"},\"image\":{\"@id\":\"https:\\\/\\\/mdra.nl\\\/terugblik-pride-viering-in-amsterdam-oost\\\/#primaryimage\"},\"thumbnailUrl\":\"https:\\\/\\\/mdra.nl\\\/wp-content\\\/uploads\\\/2025\\\/07\\\/Websiteimage-4.jpg\",\"articleSection\":[\"Nieuws\"],\"inLanguage\":\"tr\",\"potentialAction\":[{\"@type\":\"CommentAction\",\"name\":\"Comment\",\"target\":[\"https:\\\/\\\/mdra.nl\\\/terugblik-pride-viering-in-amsterdam-oost\\\/#respond\"]}]},{\"@type\":\"WebPage\",\"@id\":\"https:\\\/\\\/mdra.nl\\\/terugblik-pride-viering-in-amsterdam-oost\\\/\",\"url\":\"https:\\\/\\\/mdra.nl\\\/terugblik-pride-viering-in-amsterdam-oost\\\/\",\"name\":\"\ud83c\udff3\ufe0f\u200d\ud83c\udf08 Terugblik: PRIDE viering in Amsterdam-Oost! \ud83c\udff3\ufe0f\u200d\ud83c\udf08 | Meldpunt Discriminatie Regio Amsterdam\",\"isPartOf\":{\"@id\":\"https:\\\/\\\/mdra.nl\\\/#website\"},\"primaryImageOfPage\":{\"@id\":\"https:\\\/\\\/mdra.nl\\\/terugblik-pride-viering-in-amsterdam-oost\\\/#primaryimage\"},\"image\":{\"@id\":\"https:\\\/\\\/mdra.nl\\\/terugblik-pride-viering-in-amsterdam-oost\\\/#primaryimage\"},\"thumbnailUrl\":\"https:\\\/\\\/mdra.nl\\\/wp-content\\\/uploads\\\/2025\\\/07\\\/Websiteimage-4.jpg\",\"datePublished\":\"2025-07-31T14:27:56+00:00\",\"dateModified\":\"2025-07-31T14:30:52+00:00\",\"breadcrumb\":{\"@id\":\"https:\\\/\\\/mdra.nl\\\/terugblik-pride-viering-in-amsterdam-oost\\\/#breadcrumb\"},\"inLanguage\":\"tr\",\"potentialAction\":[{\"@type\":\"ReadAction\",\"target\":[\"https:\\\/\\\/mdra.nl\\\/terugblik-pride-viering-in-amsterdam-oost\\\/\"]}]},{\"@type\":\"ImageObject\",\"inLanguage\":\"tr\",\"@id\":\"https:\\\/\\\/mdra.nl\\\/terugblik-pride-viering-in-amsterdam-oost\\\/#primaryimage\",\"url\":\"https:\\\/\\\/mdra.nl\\\/wp-content\\\/uploads\\\/2025\\\/07\\\/Websiteimage-4.jpg\",\"contentUrl\":\"https:\\\/\\\/mdra.nl\\\/wp-content\\\/uploads\\\/2025\\\/07\\\/Websiteimage-4.jpg\",\"width\":1920,\"height\":1080},{\"@type\":\"BreadcrumbList\",\"@id\":\"https:\\\/\\\/mdra.nl\\\/terugblik-pride-viering-in-amsterdam-oost\\\/#breadcrumb\",\"itemListElement\":[{\"@type\":\"ListItem\",\"position\":1,\"name\":\"Home\",\"item\":\"https:\\\/\\\/mdra.nl\\\/\"},{\"@type\":\"ListItem\",\"position\":2,\"name\":\"\ud83c\udff3\ufe0f\u200d\ud83c\udf08 Terugblik: PRIDE viering in Amsterdam-Oost! \ud83c\udff3\ufe0f\u200d\ud83c\udf08\"}]},{\"@type\":\"WebSite\",\"@id\":\"https:\\\/\\\/mdra.nl\\\/#website\",\"url\":\"https:\\\/\\\/mdra.nl\\\/\",\"name\":\"Discriminatie Regio Amsterdam\",\"description\":\"Gediscrimineerd. En nu?\",\"publisher\":{\"@id\":\"https:\\\/\\\/mdra.nl\\\/#organization\"},\"alternateName\":\"DRA\",\"potentialAction\":[{\"@type\":\"SearchAction\",\"target\":{\"@type\":\"EntryPoint\",\"urlTemplate\":\"https:\\\/\\\/mdra.nl\\\/?s={search_term_string}\"},\"query-input\":{\"@type\":\"PropertyValueSpecification\",\"valueRequired\":true,\"valueName\":\"search_term_string\"}}],\"inLanguage\":\"tr\"},{\"@type\":\"Organization\",\"@id\":\"https:\\\/\\\/mdra.nl\\\/#organization\",\"name\":\"Discriminatie Regio Amsterdam\",\"url\":\"https:\\\/\\\/mdra.nl\\\/\",\"logo\":{\"@type\":\"ImageObject\",\"inLanguage\":\"tr\",\"@id\":\"https:\\\/\\\/mdra.nl\\\/#\\\/schema\\\/logo\\\/image\\\/\",\"url\":\"https:\\\/\\\/mdra.nl\\\/wp-content\\\/uploads\\\/2019\\\/11\\\/Discriminatie.nl-Logo-Regio-Regio-Amsterdam.svg\",\"contentUrl\":\"https:\\\/\\\/mdra.nl\\\/wp-content\\\/uploads\\\/2019\\\/11\\\/Discriminatie.nl-Logo-Regio-Regio-Amsterdam.svg\",\"width\":510,\"height\":152,\"caption\":\"Discriminatie Regio Amsterdam\"},\"image\":{\"@id\":\"https:\\\/\\\/mdra.nl\\\/#\\\/schema\\\/logo\\\/image\\\/\"},\"sameAs\":[\"https:\\\/\\\/www.facebook.com\\\/discriminatie020\",\"https:\\\/\\\/x.com\\\/discriminatie02\",\"https:\\\/\\\/www.tiktok.com\\\/@discriminatie020\",\"https:\\\/\\\/www.youtube.com\\\/@discriminatie020\",\"https:\\\/\\\/instagram.com\\\/discriminatie020\"]},{\"@type\":\"Person\",\"@id\":\"https:\\\/\\\/mdra.nl\\\/#\\\/schema\\\/person\\\/37efec7ea45e6312aff457e1876066c2\",\"name\":\"Tom de Wit\",\"url\":\"https:\\\/\\\/mdra.nl\\\/tr\\\/author\\\/tombeheer\\\/\"}]}<\/script>\n<!-- \/ Yoast SEO plugin. -->","yoast_head_json":{"title":"\ud83c\udff3\ufe0f\u200d\ud83c\udf08 Terugblik: PRIDE viering in Amsterdam-Oost! \ud83c\udff3\ufe0f\u200d\ud83c\udf08 | Meldpunt Discriminatie Regio Amsterdam","robots":{"index":"index","follow":"follow","max-snippet":"max-snippet:-1","max-image-preview":"max-image-preview:large","max-video-preview":"max-video-preview:-1"},"canonical":"https:\/\/mdra.nl\/tr\/terugblik-pride-viering-in-amsterdam-oost\/","og_locale":"tr_TR","og_type":"article","og_title":"\ud83c\udff3\ufe0f\u200d\ud83c\udf08 Terugblik: PRIDE viering in Amsterdam-Oost! \ud83c\udff3\ufe0f\u200d\ud83c\udf08 | Meldpunt Discriminatie Regio Amsterdam","og_description":"30 Juli 2025 was het Javaplein in Amsterdam Oost het toneel voor een enthousiaste en feestelijke PRIDE viering en wij mochten daar een onderdeel van uitmaken. PRIDE vieren is en blijft van groot belang. @allekleurenoost heeft wederom een feestelijk en goed georganiseerd festival opgezet om het belang van PRIDE te belichten. Dit resulteerde in een [&hellip;]","og_url":"https:\/\/mdra.nl\/tr\/terugblik-pride-viering-in-amsterdam-oost\/","og_site_name":"Meldpunt Discriminatie Regio Amsterdam","article_publisher":"https:\/\/www.facebook.com\/discriminatie020","article_published_time":"2025-07-31T14:27:56+00:00","article_modified_time":"2025-07-31T14:30:52+00:00","og_image":[{"width":1920,"height":1080,"url":"https:\/\/mdra.nl\/wp-content\/uploads\/2025\/07\/Websiteimage-4.jpg","type":"image\/jpeg"}],"author":"Tom de Wit","twitter_card":"summary_large_image","twitter_creator":"@discriminatie02","twitter_site":"@discriminatie02","twitter_misc":{"Yazan:":"Tom de Wit","Tahmini okuma s\u00fcresi":"1 dakika"},"schema":{"@context":"https:\/\/schema.org","@graph":[{"@type":"Article","@id":"https:\/\/mdra.nl\/terugblik-pride-viering-in-amsterdam-oost\/#article","isPartOf":{"@id":"https:\/\/mdra.nl\/terugblik-pride-viering-in-amsterdam-oost\/"},"author":{"name":"Tom de Wit","@id":"https:\/\/mdra.nl\/#\/schema\/person\/37efec7ea45e6312aff457e1876066c2"},"headline":"\ud83c\udff3\ufe0f\u200d\ud83c\udf08 Terugblik: PRIDE viering in Amsterdam-Oost! \ud83c\udff3\ufe0f\u200d\ud83c\udf08","datePublished":"2025-07-31T14:27:56+00:00","dateModified":"2025-07-31T14:30:52+00:00","mainEntityOfPage":{"@id":"https:\/\/mdra.nl\/terugblik-pride-viering-in-amsterdam-oost\/"},"wordCount":177,"commentCount":0,"publisher":{"@id":"https:\/\/mdra.nl\/#organization"},"image":{"@id":"https:\/\/mdra.nl\/terugblik-pride-viering-in-amsterdam-oost\/#primaryimage"},"thumbnailUrl":"https:\/\/mdra.nl\/wp-content\/uploads\/2025\/07\/Websiteimage-4.jpg","articleSection":["Nieuws"],"inLanguage":"tr","potentialAction":[{"@type":"CommentAction","name":"Comment","target":["https:\/\/mdra.nl\/terugblik-pride-viering-in-amsterdam-oost\/#respond"]}]},{"@type":"WebPage","@id":"https:\/\/mdra.nl\/terugblik-pride-viering-in-amsterdam-oost\/","url":"https:\/\/mdra.nl\/terugblik-pride-viering-in-amsterdam-oost\/","name":"\ud83c\udff3\ufe0f\u200d\ud83c\udf08 Terugblik: PRIDE viering in Amsterdam-Oost! \ud83c\udff3\ufe0f\u200d\ud83c\udf08 | Meldpunt Discriminatie Regio Amsterdam","isPartOf":{"@id":"https:\/\/mdra.nl\/#website"},"primaryImageOfPage":{"@id":"https:\/\/mdra.nl\/terugblik-pride-viering-in-amsterdam-oost\/#primaryimage"},"image":{"@id":"https:\/\/mdra.nl\/terugblik-pride-viering-in-amsterdam-oost\/#primaryimage"},"thumbnailUrl":"https:\/\/mdra.nl\/wp-content\/uploads\/2025\/07\/Websiteimage-4.jpg","datePublished":"2025-07-31T14:27:56+00:00","dateModified":"2025-07-31T14:30:52+00:00","breadcrumb":{"@id":"https:\/\/mdra.nl\/terugblik-pride-viering-in-amsterdam-oost\/#breadcrumb"},"inLanguage":"tr","potentialAction":[{"@type":"ReadAction","target":["https:\/\/mdra.nl\/terugblik-pride-viering-in-amsterdam-oost\/"]}]},{"@type":"ImageObject","inLanguage":"tr","@id":"https:\/\/mdra.nl\/terugblik-pride-viering-in-amsterdam-oost\/#primaryimage","url":"https:\/\/mdra.nl\/wp-content\/uploads\/2025\/07\/Websiteimage-4.jpg","contentUrl":"https:\/\/mdra.nl\/wp-content\/uploads\/2025\/07\/Websiteimage-4.jpg","width":1920,"height":1080},{"@type":"BreadcrumbList","@id":"https:\/\/mdra.nl\/terugblik-pride-viering-in-amsterdam-oost\/#breadcrumb","itemListElement":[{"@type":"ListItem","position":1,"name":"Home","item":"https:\/\/mdra.nl\/"},{"@type":"ListItem","position":2,"name":"\ud83c\udff3\ufe0f\u200d\ud83c\udf08 Terugblik: PRIDE viering in Amsterdam-Oost! \ud83c\udff3\ufe0f\u200d\ud83c\udf08"}]},{"@type":"WebSite","@id":"https:\/\/mdra.nl\/#website","url":"https:\/\/mdra.nl\/","name":"Discriminatie Regio Amsterdam","description":"Ayr\u0131mc\u0131l\u0131\u011fa u\u011frad\u0131m. Ya \u015fimdi?","publisher":{"@id":"https:\/\/mdra.nl\/#organization"},"alternateName":"DRA","potentialAction":[{"@type":"SearchAction","target":{"@type":"EntryPoint","urlTemplate":"https:\/\/mdra.nl\/?s={search_term_string}"},"query-input":{"@type":"PropertyValueSpecification","valueRequired":true,"valueName":"search_term_string"}}],"inLanguage":"tr"},{"@type":"Organization","@id":"https:\/\/mdra.nl\/#organization","name":"Discriminatie Regio Amsterdam","url":"https:\/\/mdra.nl\/","logo":{"@type":"ImageObject","inLanguage":"tr","@id":"https:\/\/mdra.nl\/#\/schema\/logo\/image\/","url":"https:\/\/mdra.nl\/wp-content\/uploads\/2019\/11\/Discriminatie.nl-Logo-Regio-Regio-Amsterdam.svg","contentUrl":"https:\/\/mdra.nl\/wp-content\/uploads\/2019\/11\/Discriminatie.nl-Logo-Regio-Regio-Amsterdam.svg","width":510,"height":152,"caption":"Discriminatie Regio Amsterdam"},"image":{"@id":"https:\/\/mdra.nl\/#\/schema\/logo\/image\/"},"sameAs":["https:\/\/www.facebook.com\/discriminatie020","https:\/\/x.com\/discriminatie02","https:\/\/www.tiktok.com\/@discriminatie020","https:\/\/www.youtube.com\/@discriminatie020","https:\/\/instagram.com\/discriminatie020"]},{"@type":"Person","@id":"https:\/\/mdra.nl\/#\/schema\/person\/37efec7ea45e6312aff457e1876066c2","name":"Tom de Wit","url":"https:\/\/mdra.nl\/tr\/author\/tombeheer\/"}]}},"_links":{"self":[{"href":"https:\/\/mdra.nl\/tr\/wp-json\/wp\/v2\/posts\/3268","targetHints":{"allow":["GET"]}}],"collection":[{"href":"https:\/\/mdra.nl\/tr\/wp-json\/wp\/v2\/posts"}],"about":[{"href":"https:\/\/mdra.nl\/tr\/wp-json\/wp\/v2\/types\/post"}],"author":[{"embeddable":true,"href":"https:\/\/mdra.nl\/tr\/wp-json\/wp\/v2\/users\/12"}],"replies":[{"embeddable":true,"href":"https:\/\/mdra.nl\/tr\/wp-json\/wp\/v2\/comments?post=3268"}],"version-history":[{"count":4,"href":"https:\/\/mdra.nl\/tr\/wp-json\/wp\/v2\/posts\/3268\/revisions"}],"predecessor-version":[{"id":3278,"href":"https:\/\/mdra.nl\/tr\/wp-json\/wp\/v2\/posts\/3268\/revisions\/3278"}],"wp:featuredmedia":[{"embeddable":true,"href":"https:\/\/mdra.nl\/tr\/wp-json\/wp\/v2\/media\/3269"}],"wp:attachment":[{"href":"https:\/\/mdra.nl\/tr\/wp-json\/wp\/v2\/media?parent=3268"}],"wp:term":[{"taxonomy":"category","embeddable":true,"href":"https:\/\/mdra.nl\/tr\/wp-json\/wp\/v2\/categories?post=3268"},{"taxonomy":"post_tag","embeddable":true,"href":"https:\/\/mdra.nl\/tr\/wp-json\/wp\/v2\/tags?post=3268"}],"curies":[{"name":"wp","href":"https:\/\/api.w.org\/{rel}","templated":true}]}}