{"id":3858,"date":"2026-09-01T14:04:45","date_gmt":"2026-09-01T12:04:45","guid":{"rendered":"https:\/\/mdra.nl\/?p=3858"},"modified":"2026-09-04T14:08:21","modified_gmt":"2026-09-04T12:08:21","slug":"onze-directeur-jerrol-marten-benoemd-tot-vice-voorzitter-van-discriminatie-nl","status":"publish","type":"post","link":"https:\/\/mdra.nl\/tr\/onze-directeur-jerrol-marten-benoemd-tot-vice-voorzitter-van-discriminatie-nl\/","title":{"rendered":"Onze directeur Jerrol Marten benoemd tot vice-voorzitter van Discriminatie.nl"},"content":{"rendered":"<p class=\"wp-block-paragraph\">De algemene ledenvergadering van Discriminatie.nl heeft op maandag 31 augustus Carla van Dijk benoemd tot voorzitter en onze eigen directeur Jerrol Marten tot vice-voorzitter. Zij geven daar samen invulling aan. Wij zijn er trots op dat de regio Amsterdam op deze manier meebouwt aan de landelijke samenwerking.<\/p>\n\n\n\n<h2 class=\"wp-block-heading\"><strong>Wat is Discriminatie.nl ook alweer?<\/strong><\/h2>\n\n\n\n<p class=\"wp-block-paragraph\">Discriminatie.nl is de landelijke vereniging waarin alle regionale discriminatiemeldpunten samenwerken. Wij zijn daar het meldpunt voor de regio Amsterdam. Waar je in Nederland ook woont, je kunt terecht bij het meldpunt in jouw regio: gratis, onafhankelijk en dichtbij. Sinds een paar jaar treden alle meldpunten naar buiten onder \u00e9\u00e9n naam, zodat je niet hoeft uit te zoeken hoe de voorziening in jouw regio heet om geholpen te worden.<\/p>\n\n\n\n<figure class=\"wp-block-embed is-type-video is-provider-vimeo wp-block-embed-vimeo wp-embed-aspect-16-9 wp-has-aspect-ratio\"><div class=\"wp-block-embed__wrapper\">\n<iframe title=\"Statement Jerrol en Carla - Discriminatienl V2\" src=\"https:\/\/player.vimeo.com\/video\/1223061255?dnt=1&amp;app_id=122963\" width=\"500\" height=\"281\" frameborder=\"0\" allow=\"autoplay; fullscreen; picture-in-picture; clipboard-write; encrypted-media; web-share\" referrerpolicy=\"strict-origin-when-cross-origin\"><\/iframe>\n<\/div><\/figure>\n\n\n\n<p class=\"wp-block-paragraph\"><\/p>\n\n\n\n<h2 class=\"wp-block-heading\">Waarom zij dit samen doen<\/h2>\n\n\n\n<p class=\"wp-block-paragraph\">Carla van Dijk komt uit Oost-Nederland en zit al enkele jaren in het bestuur van Discriminatie.nl. Jerrol Marten is al een aantal jaren directeur van ons meldpunt. Zij werkten eerder samen aan onder meer de antidiscriminatievoorziening op de BES-eilanden, aan een rapportage- en analysetool in samenwerking met de politie en Meld.Online Discriminatie, en aan het updaten van het landelijke registratiesysteem waarin alle meldingen bij de meldpunten worden vastgelegd.<\/p>\n\n\n\n<p class=\"wp-block-paragraph\">Carla van Dijk: <em>&#8220;Ik heb Jerrol gevraagd of hij dit samen met mij wilde doen. We kunnen fijn samenwerken, en daardoor heb ik er ook vertrouwen in dat we het voorzitterschap samen prima vorm kunnen geven.&#8221;<\/em><\/p>\n\n\n\n<p class=\"wp-block-paragraph\">Jerrol Marten: <em>&#8220;Alleen zou dit een zware taak zijn geweest naast mijn werk als directeur van regio Amsterdam. Samen is het een mooie klus.&#8221;<\/em><\/p>\n\n\n\n<h2 class=\"wp-block-heading\">Wat dit betekent voor jou<\/h2>\n\n\n\n<p class=\"wp-block-paragraph\">Voor jouw melding verandert er niets. Jerrol blijft directeur van ons meldpunt in Amsterdam, ons team blijft hetzelfde en je meldt op dezelfde manier als altijd. Wat er w\u00e9l verandert, is dat de ervaring uit onze regio \u2014 de drukste van het land als het om meldingen gaat \u2014 nog directer meeweegt in wat er landelijk gebeurt.<\/p>\n\n\n\n<p class=\"wp-block-paragraph\">Want dat is waar het uiteindelijk om gaat: dat iemand die discriminatie meemaakt overal in Nederland op dezelfde manier geholpen en ondersteund wordt. Aan die samenwerking tussen de meldpunten wordt hard gewerkt, en daar zetten Carla en Jerrol de komende jaren op in. Daarnaast willen zij de samenwerking met maatschappelijke partners verbreden. Zoals Carla van Dijk het zegt: <em>&#8220;Discriminatie lijkt in deze samenleving toe te nemen. Dat is een grote maatschappelijke uitdaging, en die kunnen we niet alleen adresseren.&#8221;<\/em><\/p>\n\n\n\n<p class=\"wp-block-paragraph\">Wij bedanken het zittende bestuur voor de koers die de afgelopen jaren is ingezet. Daar bouwen Carla en Jerrol op voort.<\/p>\n\n\n\n<h2 class=\"wp-block-heading\">Ben je gediscrimineerd? Meld het.<\/h2>\n\n\n\n<p class=\"wp-block-paragraph\">Discriminatie meegemaakt of zien gebeuren, in Amsterdam, Amstelveen, Aalsmeer, Diemen, Almere of een van de andere gemeenten in onze regio? Meld het bij ons. Melden is gratis, kan ook anoniem, en je krijgt altijd persoonlijk antwoord van een van onze medewerkers.<\/p>","protected":false},"excerpt":{"rendered":"<p>De algemene ledenvergadering van Discriminatie.nl heeft op maandag 31 augustus Carla van Dijk benoemd tot voorzitter en onze eigen directeur Jerrol Marten tot vice-voorzitter. Zij geven daar samen invulling aan. Wij zijn er trots op dat de regio Amsterdam op deze manier meebouwt aan de landelijke samenwerking. Wat is Discriminatie.nl ook alweer? Discriminatie.nl is de [&hellip;]<\/p>\n","protected":false},"author":11,"featured_media":3860,"comment_status":"closed","ping_status":"closed","sticky":false,"template":"","format":"standard","meta":{"site-sidebar-layout":"default","site-content-layout":"","ast-site-content-layout":"default","site-content-style":"default","site-sidebar-style":"default","ast-global-header-display":"","ast-banner-title-visibility":"","ast-main-header-display":"","ast-hfb-above-header-display":"","ast-hfb-below-header-display":"","ast-hfb-mobile-header-display":"","site-post-title":"","ast-breadcrumbs-content":"","ast-featured-img":"disabled","footer-sml-layout":"","ast-disable-related-posts":"","theme-transparent-header-meta":"","adv-header-id-meta":"","stick-header-meta":"","header-above-stick-meta":"","header-main-stick-meta":"","header-below-stick-meta":"","astra-migrate-meta-layouts":"set","ast-page-background-enabled":"default","ast-page-background-meta":{"desktop":{"background-color":"","background-image":"","background-repeat":"repeat","background-position":"center center","background-size":"auto","background-attachment":"scroll","background-type":"","background-media":"","overlay-type":"","overlay-color":"","overlay-opacity":"","overlay-gradient":""},"tablet":{"background-color":"","background-image":"","background-repeat":"repeat","background-position":"center center","background-size":"auto","background-attachment":"scroll","background-type":"","background-media":"","overlay-type":"","overlay-color":"","overlay-opacity":"","overlay-gradient":""},"mobile":{"background-color":"","background-image":"","background-repeat":"repeat","background-position":"center center","background-size":"auto","background-attachment":"scroll","background-type":"","background-media":"","overlay-type":"","overlay-color":"","overlay-opacity":"","overlay-gradient":""}},"ast-content-background-meta":{"desktop":{"background-color":"var(--ast-global-color-5)","background-image":"","background-repeat":"repeat","background-position":"center center","background-size":"auto","background-attachment":"scroll","background-type":"","background-media":"","overlay-type":"","overlay-color":"","overlay-opacity":"","overlay-gradient":""},"tablet":{"background-color":"var(--ast-global-color-5)","background-image":"","background-repeat":"repeat","background-position":"center center","background-size":"auto","background-attachment":"scroll","background-type":"","background-media":"","overlay-type":"","overlay-color":"","overlay-opacity":"","overlay-gradient":""},"mobile":{"background-color":"var(--ast-global-color-5)","background-image":"","background-repeat":"repeat","background-position":"center center","background-size":"auto","background-attachment":"scroll","background-type":"","background-media":"","overlay-type":"","overlay-color":"","overlay-opacity":"","overlay-gradient":""}},"footnotes":""},"categories":[1],"tags":[],"class_list":["post-3858","post","type-post","status-publish","format-standard","has-post-thumbnail","hentry","category-nieuws"],"yoast_head":"<!-- This site is optimized with the Yoast SEO plugin v28.4 - https:\/\/yoast.com\/product\/yoast-seo-wordpress\/ -->\n<title>Onze directeur Jerrol Marten benoemd tot vice-voorzitter van Discriminatie.nl | Meldpunt Discriminatie Regio Amsterdam<\/title>\n<meta name=\"robots\" content=\"index, follow, max-snippet:-1, max-image-preview:large, max-video-preview:-1\" \/>\n<link rel=\"canonical\" href=\"https:\/\/mdra.nl\/tr\/onze-directeur-jerrol-marten-benoemd-tot-vice-voorzitter-van-discriminatie-nl\/\" \/>\n<meta property=\"og:locale\" content=\"tr_TR\" \/>\n<meta property=\"og:type\" content=\"article\" \/>\n<meta property=\"og:title\" content=\"Onze directeur Jerrol Marten benoemd tot vice-voorzitter van Discriminatie.nl | Meldpunt Discriminatie Regio Amsterdam\" \/>\n<meta property=\"og:description\" content=\"De algemene ledenvergadering van Discriminatie.nl heeft op maandag 31 augustus Carla van Dijk benoemd tot voorzitter en onze eigen directeur Jerrol Marten tot vice-voorzitter. Zij geven daar samen invulling aan. Wij zijn er trots op dat de regio Amsterdam op deze manier meebouwt aan de landelijke samenwerking. Wat is Discriminatie.nl ook alweer? Discriminatie.nl is de [&hellip;]\" \/>\n<meta property=\"og:url\" content=\"https:\/\/mdra.nl\/tr\/onze-directeur-jerrol-marten-benoemd-tot-vice-voorzitter-van-discriminatie-nl\/\" \/>\n<meta property=\"og:site_name\" content=\"Meldpunt Discriminatie Regio Amsterdam\" \/>\n<meta property=\"article:publisher\" content=\"https:\/\/www.facebook.com\/discriminatie020\" \/>\n<meta property=\"article:published_time\" content=\"2026-09-01T12:04:45+00:00\" \/>\n<meta property=\"article:modified_time\" content=\"2026-09-04T12:08:21+00:00\" \/>\n<meta property=\"og:image\" content=\"https:\/\/mdra.nl\/wp-content\/uploads\/2026\/09\/BestuurDNL-JerrolMarten-CarlavanDijk800px.jpg\" \/>\n\t<meta property=\"og:image:width\" content=\"800\" \/>\n\t<meta property=\"og:image:height\" content=\"450\" \/>\n\t<meta property=\"og:image:type\" content=\"image\/jpeg\" \/>\n<meta name=\"author\" content=\"Paul van Heel\" \/>\n<meta name=\"twitter:card\" content=\"summary_large_image\" \/>\n<meta name=\"twitter:creator\" content=\"@discriminatie02\" \/>\n<meta name=\"twitter:site\" content=\"@discriminatie02\" \/>\n<meta name=\"twitter:label1\" content=\"Yazan:\" \/>\n\t<meta name=\"twitter:data1\" content=\"Paul van Heel\" \/>\n\t<meta name=\"twitter:label2\" content=\"Tahmini okuma s\u00fcresi\" \/>\n\t<meta name=\"twitter:data2\" content=\"3 dakika\" \/>\n<script type=\"application\/ld+json\" class=\"yoast-schema-graph\">{\"@context\":\"https:\\\/\\\/schema.org\",\"@graph\":[{\"@type\":\"Article\",\"@id\":\"https:\\\/\\\/mdra.nl\\\/onze-directeur-jerrol-marten-benoemd-tot-vice-voorzitter-van-discriminatie-nl\\\/#article\",\"isPartOf\":{\"@id\":\"https:\\\/\\\/mdra.nl\\\/onze-directeur-jerrol-marten-benoemd-tot-vice-voorzitter-van-discriminatie-nl\\\/\"},\"author\":{\"name\":\"Paul van Heel\",\"@id\":\"https:\\\/\\\/mdra.nl\\\/#\\\/schema\\\/person\\\/1466728e66cd71db3dd814461c28ac7a\"},\"headline\":\"Onze directeur Jerrol Marten benoemd tot vice-voorzitter van Discriminatie.nl\",\"datePublished\":\"2026-09-01T12:04:45+00:00\",\"dateModified\":\"2026-09-04T12:08:21+00:00\",\"mainEntityOfPage\":{\"@id\":\"https:\\\/\\\/mdra.nl\\\/onze-directeur-jerrol-marten-benoemd-tot-vice-voorzitter-van-discriminatie-nl\\\/\"},\"wordCount\":477,\"publisher\":{\"@id\":\"https:\\\/\\\/mdra.nl\\\/#organization\"},\"image\":{\"@id\":\"https:\\\/\\\/mdra.nl\\\/onze-directeur-jerrol-marten-benoemd-tot-vice-voorzitter-van-discriminatie-nl\\\/#primaryimage\"},\"thumbnailUrl\":\"https:\\\/\\\/mdra.nl\\\/wp-content\\\/uploads\\\/2026\\\/09\\\/BestuurDNL-JerrolMarten-CarlavanDijk800px.jpg\",\"articleSection\":[\"Nieuws\"],\"inLanguage\":\"tr\"},{\"@type\":\"WebPage\",\"@id\":\"https:\\\/\\\/mdra.nl\\\/onze-directeur-jerrol-marten-benoemd-tot-vice-voorzitter-van-discriminatie-nl\\\/\",\"url\":\"https:\\\/\\\/mdra.nl\\\/onze-directeur-jerrol-marten-benoemd-tot-vice-voorzitter-van-discriminatie-nl\\\/\",\"name\":\"Onze directeur Jerrol Marten benoemd tot vice-voorzitter van Discriminatie.nl | Meldpunt Discriminatie Regio Amsterdam\",\"isPartOf\":{\"@id\":\"https:\\\/\\\/mdra.nl\\\/#website\"},\"primaryImageOfPage\":{\"@id\":\"https:\\\/\\\/mdra.nl\\\/onze-directeur-jerrol-marten-benoemd-tot-vice-voorzitter-van-discriminatie-nl\\\/#primaryimage\"},\"image\":{\"@id\":\"https:\\\/\\\/mdra.nl\\\/onze-directeur-jerrol-marten-benoemd-tot-vice-voorzitter-van-discriminatie-nl\\\/#primaryimage\"},\"thumbnailUrl\":\"https:\\\/\\\/mdra.nl\\\/wp-content\\\/uploads\\\/2026\\\/09\\\/BestuurDNL-JerrolMarten-CarlavanDijk800px.jpg\",\"datePublished\":\"2026-09-01T12:04:45+00:00\",\"dateModified\":\"2026-09-04T12:08:21+00:00\",\"breadcrumb\":{\"@id\":\"https:\\\/\\\/mdra.nl\\\/onze-directeur-jerrol-marten-benoemd-tot-vice-voorzitter-van-discriminatie-nl\\\/#breadcrumb\"},\"inLanguage\":\"tr\",\"potentialAction\":[{\"@type\":\"ReadAction\",\"target\":[\"https:\\\/\\\/mdra.nl\\\/onze-directeur-jerrol-marten-benoemd-tot-vice-voorzitter-van-discriminatie-nl\\\/\"]}]},{\"@type\":\"ImageObject\",\"inLanguage\":\"tr\",\"@id\":\"https:\\\/\\\/mdra.nl\\\/onze-directeur-jerrol-marten-benoemd-tot-vice-voorzitter-van-discriminatie-nl\\\/#primaryimage\",\"url\":\"https:\\\/\\\/mdra.nl\\\/wp-content\\\/uploads\\\/2026\\\/09\\\/BestuurDNL-JerrolMarten-CarlavanDijk800px.jpg\",\"contentUrl\":\"https:\\\/\\\/mdra.nl\\\/wp-content\\\/uploads\\\/2026\\\/09\\\/BestuurDNL-JerrolMarten-CarlavanDijk800px.jpg\",\"width\":800,\"height\":450,\"caption\":\"Carla van Dijk en Jerrol Marten geven samen invulling aan het voorzitterschap van Discriminatie.nl\"},{\"@type\":\"BreadcrumbList\",\"@id\":\"https:\\\/\\\/mdra.nl\\\/onze-directeur-jerrol-marten-benoemd-tot-vice-voorzitter-van-discriminatie-nl\\\/#breadcrumb\",\"itemListElement\":[{\"@type\":\"ListItem\",\"position\":1,\"name\":\"Home\",\"item\":\"https:\\\/\\\/mdra.nl\\\/\"},{\"@type\":\"ListItem\",\"position\":2,\"name\":\"Onze directeur Jerrol Marten benoemd tot vice-voorzitter van Discriminatie.nl\"}]},{\"@type\":\"WebSite\",\"@id\":\"https:\\\/\\\/mdra.nl\\\/#website\",\"url\":\"https:\\\/\\\/mdra.nl\\\/\",\"name\":\"Discriminatie Regio Amsterdam\",\"description\":\"Gediscrimineerd. En nu?\",\"publisher\":{\"@id\":\"https:\\\/\\\/mdra.nl\\\/#organization\"},\"alternateName\":\"DRA\",\"potentialAction\":[{\"@type\":\"SearchAction\",\"target\":{\"@type\":\"EntryPoint\",\"urlTemplate\":\"https:\\\/\\\/mdra.nl\\\/?s={search_term_string}\"},\"query-input\":{\"@type\":\"PropertyValueSpecification\",\"valueRequired\":true,\"valueName\":\"search_term_string\"}}],\"inLanguage\":\"tr\"},{\"@type\":\"Organization\",\"@id\":\"https:\\\/\\\/mdra.nl\\\/#organization\",\"name\":\"Discriminatie Regio Amsterdam\",\"url\":\"https:\\\/\\\/mdra.nl\\\/\",\"logo\":{\"@type\":\"ImageObject\",\"inLanguage\":\"tr\",\"@id\":\"https:\\\/\\\/mdra.nl\\\/#\\\/schema\\\/logo\\\/image\\\/\",\"url\":\"https:\\\/\\\/mdra.nl\\\/wp-content\\\/uploads\\\/2019\\\/11\\\/Discriminatie.nl-Logo-Regio-Regio-Amsterdam.svg\",\"contentUrl\":\"https:\\\/\\\/mdra.nl\\\/wp-content\\\/uploads\\\/2019\\\/11\\\/Discriminatie.nl-Logo-Regio-Regio-Amsterdam.svg\",\"width\":510,\"height\":152,\"caption\":\"Discriminatie Regio Amsterdam\"},\"image\":{\"@id\":\"https:\\\/\\\/mdra.nl\\\/#\\\/schema\\\/logo\\\/image\\\/\"},\"sameAs\":[\"https:\\\/\\\/www.facebook.com\\\/discriminatie020\",\"https:\\\/\\\/x.com\\\/discriminatie02\",\"https:\\\/\\\/www.tiktok.com\\\/@discriminatie020\",\"https:\\\/\\\/www.youtube.com\\\/@discriminatie020\",\"https:\\\/\\\/instagram.com\\\/discriminatie020\"]},{\"@type\":\"Person\",\"@id\":\"https:\\\/\\\/mdra.nl\\\/#\\\/schema\\\/person\\\/1466728e66cd71db3dd814461c28ac7a\",\"name\":\"Paul van Heel\",\"url\":\"https:\\\/\\\/mdra.nl\\\/tr\\\/author\\\/sdghubbeheer\\\/\"}]}<\/script>\n<!-- \/ Yoast SEO plugin. -->","yoast_head_json":{"title":"Onze directeur Jerrol Marten benoemd tot vice-voorzitter van Discriminatie.nl | Meldpunt Discriminatie Regio Amsterdam","robots":{"index":"index","follow":"follow","max-snippet":"max-snippet:-1","max-image-preview":"max-image-preview:large","max-video-preview":"max-video-preview:-1"},"canonical":"https:\/\/mdra.nl\/tr\/onze-directeur-jerrol-marten-benoemd-tot-vice-voorzitter-van-discriminatie-nl\/","og_locale":"tr_TR","og_type":"article","og_title":"Onze directeur Jerrol Marten benoemd tot vice-voorzitter van Discriminatie.nl | Meldpunt Discriminatie Regio Amsterdam","og_description":"De algemene ledenvergadering van Discriminatie.nl heeft op maandag 31 augustus Carla van Dijk benoemd tot voorzitter en onze eigen directeur Jerrol Marten tot vice-voorzitter. Zij geven daar samen invulling aan. Wij zijn er trots op dat de regio Amsterdam op deze manier meebouwt aan de landelijke samenwerking. Wat is Discriminatie.nl ook alweer? Discriminatie.nl is de [&hellip;]","og_url":"https:\/\/mdra.nl\/tr\/onze-directeur-jerrol-marten-benoemd-tot-vice-voorzitter-van-discriminatie-nl\/","og_site_name":"Meldpunt Discriminatie Regio Amsterdam","article_publisher":"https:\/\/www.facebook.com\/discriminatie020","article_published_time":"2026-09-01T12:04:45+00:00","article_modified_time":"2026-09-04T12:08:21+00:00","og_image":[{"width":800,"height":450,"url":"https:\/\/mdra.nl\/wp-content\/uploads\/2026\/09\/BestuurDNL-JerrolMarten-CarlavanDijk800px.jpg","type":"image\/jpeg"}],"author":"Paul van Heel","twitter_card":"summary_large_image","twitter_creator":"@discriminatie02","twitter_site":"@discriminatie02","twitter_misc":{"Yazan:":"Paul van Heel","Tahmini okuma s\u00fcresi":"3 dakika"},"schema":{"@context":"https:\/\/schema.org","@graph":[{"@type":"Article","@id":"https:\/\/mdra.nl\/onze-directeur-jerrol-marten-benoemd-tot-vice-voorzitter-van-discriminatie-nl\/#article","isPartOf":{"@id":"https:\/\/mdra.nl\/onze-directeur-jerrol-marten-benoemd-tot-vice-voorzitter-van-discriminatie-nl\/"},"author":{"name":"Paul van Heel","@id":"https:\/\/mdra.nl\/#\/schema\/person\/1466728e66cd71db3dd814461c28ac7a"},"headline":"Onze directeur Jerrol Marten benoemd tot vice-voorzitter van Discriminatie.nl","datePublished":"2026-09-01T12:04:45+00:00","dateModified":"2026-09-04T12:08:21+00:00","mainEntityOfPage":{"@id":"https:\/\/mdra.nl\/onze-directeur-jerrol-marten-benoemd-tot-vice-voorzitter-van-discriminatie-nl\/"},"wordCount":477,"publisher":{"@id":"https:\/\/mdra.nl\/#organization"},"image":{"@id":"https:\/\/mdra.nl\/onze-directeur-jerrol-marten-benoemd-tot-vice-voorzitter-van-discriminatie-nl\/#primaryimage"},"thumbnailUrl":"https:\/\/mdra.nl\/wp-content\/uploads\/2026\/09\/BestuurDNL-JerrolMarten-CarlavanDijk800px.jpg","articleSection":["Nieuws"],"inLanguage":"tr"},{"@type":"WebPage","@id":"https:\/\/mdra.nl\/onze-directeur-jerrol-marten-benoemd-tot-vice-voorzitter-van-discriminatie-nl\/","url":"https:\/\/mdra.nl\/onze-directeur-jerrol-marten-benoemd-tot-vice-voorzitter-van-discriminatie-nl\/","name":"Onze directeur Jerrol Marten benoemd tot vice-voorzitter van Discriminatie.nl | Meldpunt Discriminatie Regio Amsterdam","isPartOf":{"@id":"https:\/\/mdra.nl\/#website"},"primaryImageOfPage":{"@id":"https:\/\/mdra.nl\/onze-directeur-jerrol-marten-benoemd-tot-vice-voorzitter-van-discriminatie-nl\/#primaryimage"},"image":{"@id":"https:\/\/mdra.nl\/onze-directeur-jerrol-marten-benoemd-tot-vice-voorzitter-van-discriminatie-nl\/#primaryimage"},"thumbnailUrl":"https:\/\/mdra.nl\/wp-content\/uploads\/2026\/09\/BestuurDNL-JerrolMarten-CarlavanDijk800px.jpg","datePublished":"2026-09-01T12:04:45+00:00","dateModified":"2026-09-04T12:08:21+00:00","breadcrumb":{"@id":"https:\/\/mdra.nl\/onze-directeur-jerrol-marten-benoemd-tot-vice-voorzitter-van-discriminatie-nl\/#breadcrumb"},"inLanguage":"tr","potentialAction":[{"@type":"ReadAction","target":["https:\/\/mdra.nl\/onze-directeur-jerrol-marten-benoemd-tot-vice-voorzitter-van-discriminatie-nl\/"]}]},{"@type":"ImageObject","inLanguage":"tr","@id":"https:\/\/mdra.nl\/onze-directeur-jerrol-marten-benoemd-tot-vice-voorzitter-van-discriminatie-nl\/#primaryimage","url":"https:\/\/mdra.nl\/wp-content\/uploads\/2026\/09\/BestuurDNL-JerrolMarten-CarlavanDijk800px.jpg","contentUrl":"https:\/\/mdra.nl\/wp-content\/uploads\/2026\/09\/BestuurDNL-JerrolMarten-CarlavanDijk800px.jpg","width":800,"height":450,"caption":"Carla van Dijk en Jerrol Marten geven samen invulling aan het voorzitterschap van Discriminatie.nl"},{"@type":"BreadcrumbList","@id":"https:\/\/mdra.nl\/onze-directeur-jerrol-marten-benoemd-tot-vice-voorzitter-van-discriminatie-nl\/#breadcrumb","itemListElement":[{"@type":"ListItem","position":1,"name":"Home","item":"https:\/\/mdra.nl\/"},{"@type":"ListItem","position":2,"name":"Onze directeur Jerrol Marten benoemd tot vice-voorzitter van Discriminatie.nl"}]},{"@type":"WebSite","@id":"https:\/\/mdra.nl\/#website","url":"https:\/\/mdra.nl\/","name":"Discriminatie Regio Amsterdam","description":"Ayr\u0131mc\u0131l\u0131\u011fa u\u011frad\u0131m. Ya \u015fimdi?","publisher":{"@id":"https:\/\/mdra.nl\/#organization"},"alternateName":"DRA","potentialAction":[{"@type":"SearchAction","target":{"@type":"EntryPoint","urlTemplate":"https:\/\/mdra.nl\/?s={search_term_string}"},"query-input":{"@type":"PropertyValueSpecification","valueRequired":true,"valueName":"search_term_string"}}],"inLanguage":"tr"},{"@type":"Organization","@id":"https:\/\/mdra.nl\/#organization","name":"Discriminatie Regio Amsterdam","url":"https:\/\/mdra.nl\/","logo":{"@type":"ImageObject","inLanguage":"tr","@id":"https:\/\/mdra.nl\/#\/schema\/logo\/image\/","url":"https:\/\/mdra.nl\/wp-content\/uploads\/2019\/11\/Discriminatie.nl-Logo-Regio-Regio-Amsterdam.svg","contentUrl":"https:\/\/mdra.nl\/wp-content\/uploads\/2019\/11\/Discriminatie.nl-Logo-Regio-Regio-Amsterdam.svg","width":510,"height":152,"caption":"Discriminatie Regio Amsterdam"},"image":{"@id":"https:\/\/mdra.nl\/#\/schema\/logo\/image\/"},"sameAs":["https:\/\/www.facebook.com\/discriminatie020","https:\/\/x.com\/discriminatie02","https:\/\/www.tiktok.com\/@discriminatie020","https:\/\/www.youtube.com\/@discriminatie020","https:\/\/instagram.com\/discriminatie020"]},{"@type":"Person","@id":"https:\/\/mdra.nl\/#\/schema\/person\/1466728e66cd71db3dd814461c28ac7a","name":"Paul van Heel","url":"https:\/\/mdra.nl\/tr\/author\/sdghubbeheer\/"}]}},"_links":{"self":[{"href":"https:\/\/mdra.nl\/tr\/wp-json\/wp\/v2\/posts\/3858","targetHints":{"allow":["GET"]}}],"collection":[{"href":"https:\/\/mdra.nl\/tr\/wp-json\/wp\/v2\/posts"}],"about":[{"href":"https:\/\/mdra.nl\/tr\/wp-json\/wp\/v2\/types\/post"}],"author":[{"embeddable":true,"href":"https:\/\/mdra.nl\/tr\/wp-json\/wp\/v2\/users\/11"}],"replies":[{"embeddable":true,"href":"https:\/\/mdra.nl\/tr\/wp-json\/wp\/v2\/comments?post=3858"}],"version-history":[{"count":3,"href":"https:\/\/mdra.nl\/tr\/wp-json\/wp\/v2\/posts\/3858\/revisions"}],"predecessor-version":[{"id":3862,"href":"https:\/\/mdra.nl\/tr\/wp-json\/wp\/v2\/posts\/3858\/revisions\/3862"}],"wp:featuredmedia":[{"embeddable":true,"href":"https:\/\/mdra.nl\/tr\/wp-json\/wp\/v2\/media\/3860"}],"wp:attachment":[{"href":"https:\/\/mdra.nl\/tr\/wp-json\/wp\/v2\/media?parent=3858"}],"wp:term":[{"taxonomy":"category","embeddable":true,"href":"https:\/\/mdra.nl\/tr\/wp-json\/wp\/v2\/categories?post=3858"},{"taxonomy":"post_tag","embeddable":true,"href":"https:\/\/mdra.nl\/tr\/wp-json\/wp\/v2\/tags?post=3858"}],"curies":[{"name":"wp","href":"https:\/\/api.w.org\/{rel}","templated":true}]}}